{"id":1622,"date":"2025-02-02T13:43:53","date_gmt":"2025-02-02T13:43:53","guid":{"rendered":"https:\/\/endustri40.bktechin.com\/2025\/02\/02\/siemens-mindsphere-ile-dijitallesmenin-kapilarini-aciyor-2\/"},"modified":"2025-02-02T13:43:53","modified_gmt":"2025-02-02T13:43:53","slug":"siemens-mindsphere-ile-dijitallesmenin-kapilarini-aciyor-2","status":"publish","type":"post","link":"https:\/\/endustri40.com\/en\/siemens-mindsphere-ile-dijitallesmenin-kapilarini-aciyor-2\/","title":{"rendered":"Siemens, MindSphere ile Dijitalle\u015fmenin Kap\u0131lar\u0131n\u0131 A\u00e7\u0131yor"},"content":{"rendered":"<div style=\"color: rgb(34, 34, 34); font-family: Arial, Verdana, sans-serif; font-size: 12px; text-align: justify;\"><span style=\"font-size: 16px;\"><span style=\"font-family: &quot;trebuchet ms&quot;, helvetica, sans-serif;\">Tak\u0131m Tezg&acirc;hlar\u0131 Sanayici ve \u0130\u015fadamlar\u0131 Derne\u011fi (T\u0130AD) ve Makina \u0130malat&ccedil;\u0131lar\u0131 Birli\u011fi (M\u0130B) i\u015fbirli\u011fiyle d&uuml;zenlenen, makine sekt&ouml;r&uuml;n&uuml;n Avrasya b&ouml;lgesindeki en b&uuml;y&uuml;k bulu\u015fmas\u0131 olan MAKTEK Avrasya 2018 Fuar\u0131&rsquo;nda Siemens, bu y\u0131l da yerini al\u0131yor. 2-7 Ekim 2018 tarihlerinde T&Uuml;YAP Fuar ve Kongre Merkezi&rsquo;nde ger&ccedil;ekle\u015fecek fuarda Siemens, 132 m2&rsquo;lik stand\u0131nda tak\u0131m tezgah\u0131na &ouml;zg&uuml; kontrol &uuml;nitelerini ve dijitalle\u015fmenin getirdi\u011fi avantajlar\u0131 g&ouml;zler &ouml;n&uuml;ne sererken makine &uuml;reticilerine verimlilik sa\u011flayan, ayn\u0131 zamanda yeni i\u015f modelleri sunan MindSphere&rsquo;i tan\u0131tacak.<\/span><\/span><br \/>\n&nbsp;<\/div>\n<div style=\"color: rgb(34, 34, 34); font-family: Arial, Verdana, sans-serif; font-size: 12px; text-align: center;\"><a href=\"http:\/\/www.elektrikport.com\/teknik-kutuphane\/endustriyel-motorlar-ve-uygulama-alanlari\/12188#ad-image-0\" target=\"_blank\" rel=\"noopener\"><img decoding=\"async\" alt=\"\" src=\"https:\/\/cdnelektrikport.4flyy.com\/\/Content\/\/201508\/End%C3%BCstriyel%20Motorlar%20ve%20Uygulama%20Alanlar%C4%B1%20710x120.jpg\" style=\"width: 667px; height: 113px;\" \/><\/a><\/div>\n<div style=\"color: rgb(34, 34, 34); font-family: Arial, Verdana, sans-serif; font-size: 12px; text-align: justify;\">\n<span style=\"font-size: 16px;\"><span style=\"font-family: &quot;trebuchet ms&quot;, helvetica, sans-serif;\"><span style=\"color: rgb(178, 34, 34);\"><span style=\"font-size: 20px;\"><strong>T&uuml;m veriler bir arada&nbsp;<\/strong><\/span><\/span><\/p>\n<p><a href=\"https:\/\/www.siemens-home.bsh-group.com\/tr\/\" target=\"_blank\" rel=\"noopener\">Siemens<\/a>&rsquo;in end&uuml;striyel internet platformu MindSphere ile sahada bulunan t&uuml;m makineler a\u011fa ba\u011flan\u0131yor, makinelerde olu\u015fan veriler toplan\u0131yor ve buluta ta\u015f\u0131n\u0131yor. B&ouml;ylece makine &uuml;reticileri ve operat&ouml;rleri daha &ouml;nce m&uuml;mk&uuml;n olmayan hacimlerdeki verileri analiz ederek kullanabiliyorlar. Bu sayede makinelerin verimlili\u011fini art\u0131rmak m&uuml;mk&uuml;n oluyor. Elde edilen veriler kullan\u0131larak MindSphere &uuml;zerinde aplikasyonlar geli\u015ftirilebiliyor. Bu aplikasyonlar koruyucu bak\u0131m, enerji veri y&ouml;netimi ya da kaynak optimizasyonu gibi yenilik&ccedil;i dijital hizmetler ve makine ara&ccedil;lar\u0131 i&ccedil;in yeni uygulamalara ba\u015flang\u0131&ccedil; noktas\u0131 olu\u015fturuyor. Tamamen a&ccedil;\u0131k bir sistem olmas\u0131; makine &uuml;reticileri, ekipman &uuml;reticileri ve makine kullan\u0131c\u0131lar\u0131 i&ccedil;in yeni i\u015f modelleri de olu\u015fturuyor.<br \/>\nMindSphere aplikasyonlar\u0131 makine &uuml;reticilerinin dijital d&uuml;nyaya rahat&ccedil;a ad\u0131m atmalar\u0131n\u0131 sa\u011flamak i&ccedil;in basit fonksiyonlar sunuyor. Makine &uuml;reticileri bu basit fonksiyonlar\u0131, kendilerine &ouml;zel, kapsaml\u0131 makine ve proses bilgilerine uygulayabiliyor, m&uuml;\u015fterileri i&ccedil;in yenilik&ccedil;i ve &ouml;zelle\u015ftirilmi\u015f uygulamalar, &ccedil;&ouml;z&uuml;mler ve hizmetler geli\u015ftirerek sunabiliyor. Bu sayede d&uuml;nyan\u0131n her k&ouml;\u015fesine da\u011f\u0131lm\u0131\u015f makineleri ya da makine filosunu izleyebilme ve durma s&uuml;relerini azaltma gibi avantajlar elde edebiliyorlar.<\/p>\n<p><strong><span style=\"color: rgb(178, 34, 34);\"><span style=\"font-size: 20px;\">S&uuml;re&ccedil;ler optimize ediliyor&nbsp;&nbsp;<\/span><\/span><\/strong><\/p>\n<p>Bunun en g&uuml;zel &ouml;rne\u011fi&nbsp;<a href=\"https:\/\/www.siemens-home.bsh-group.com\/tr\/\" target=\"_blank\" rel=\"noopener\">Siemens&nbsp;<\/a>T&uuml;rkiye m&uuml;hendisleri taraf\u0131ndan MindSphere &uuml;zerinde geli\u015ftirilen Manage My Machine uygulamas\u0131. Uygulama sayesinde d&uuml;nyada herhangi bir yerdeki makinelerin verileri, mevcut veya ge&ccedil;mi\u015f durumlar\u0131 g&ouml;r&uuml;nt&uuml;lenebiliyor. Bu veriler otomatik olarak SAP ERP ile senkronize ediliyor ve servis personeline g&ouml;rev atanabiliyor.<br \/>\nManage My Machine sayesinde &ouml;rne\u011fin Sinumerik 840D kontrol&uuml;, kolay ve h\u0131zl\u0131 bir \u015fekilde MindSphere&rsquo;e ba\u011flanabiliyor, b&ouml;ylece kullan\u0131c\u0131lar a\u011fa ba\u011fl\u0131 makinelerin hepsinden bilgi alabiliyorlar. \u0130lgili makine bilgilerinin toplan\u0131p analiz edilmesi sayesinde kullan\u0131c\u0131lar, makinelerin mevcut durumu hakk\u0131nda ve makine ge&ccedil;mi\u015fi ile ilgili \u015feffaf bir inceleme imkan\u0131na sahip oluyorlar. B&ouml;ylece durma s&uuml;releri azal\u0131yor, servis ve bak\u0131m s&uuml;re&ccedil;lerinde optimizasyon sa\u011flan\u0131yor, verimlilik art\u0131yor.<\/span><\/span><br \/>\n&nbsp;<\/div>\n<div style=\"color: rgb(34, 34, 34); font-family: Arial, Verdana, sans-serif; font-size: 12px; text-align: center;\"><a href=\"http:\/\/www.elektrikport.com\/teknik-kutuphane\/motor-kontrolu-nedir-nasil-yapilir\/12251#ad-image-0\" target=\"_blank\" rel=\"noopener\"><img decoding=\"async\" alt=\"\" src=\"https:\/\/cdnelektrikport.4flyy.com\/\/Content\/\/201408\/siemens(720x120).jpg\" style=\"width: 100%; height: 100%;\" \/><\/a><\/div>\n<div style=\"color: rgb(34, 34, 34); font-family: Arial, Verdana, sans-serif; font-size: 12px; text-align: justify;\">\n<span style=\"font-size: 16px;\"><span style=\"font-family: &quot;trebuchet ms&quot;, helvetica, sans-serif;\"><strong><span style=\"color: rgb(178, 34, 34);\"><span style=\"font-size: 20px;\">Tak\u0131m tezgah\u0131 kontrol&uuml;ne y&ouml;nelik en son yenilikler&nbsp;<\/span><\/span><\/strong><\/p>\n<p>&Ouml;te yandan MAKTEK Avrasya 2018 Fuar\u0131&rsquo;nda kat\u0131l\u0131mc\u0131lar,&nbsp;<a href=\"https:\/\/www.siemens-home.bsh-group.com\/tr\/\" target=\"_blank\" rel=\"noopener\">Siemens<\/a>&rsquo;in tak\u0131m tezgah\u0131na &ouml;zg&uuml; &ccedil;&ouml;z&uuml;mlerini tan\u0131y\u0131p tecr&uuml;be etme olana\u011f\u0131 da buluyor. CAD\/CAM-CNC i&ccedil;in tasarlanan sanal makine ve a\u011f kurulumu &ccedil;&ouml;z&uuml;mleriyle tak\u0131m tezgahlar\u0131 aras\u0131nda, y&ouml;netim kademesinin de dahil oldu\u011fu ortak bir a\u011f kurulumu m&uuml;mk&uuml;n oluyor. Kesintisiz dijital &uuml;retim ve &uuml;retim kaynaklar\u0131n\u0131n verimli kullan\u0131m\u0131n\u0131 sa\u011flayan&nbsp;<a href=\"https:\/\/www.siemens-home.bsh-group.com\/tr\/\" target=\"_blank\" rel=\"noopener\">Siemens<\/a>&nbsp;&Uuml;r&uuml;n Ya\u015fam D&ouml;ng&uuml;s&uuml; Y&ouml;netimi (Product Lifecycle Management &#8211; PLM) ve SINUMERIK Integrate uygulamalar\u0131ndaki en son yenilikler fuar kat\u0131l\u0131mc\u0131lar\u0131yla payla\u015f\u0131l\u0131yor.<\/p>\n<p><span style=\"color: rgb(178, 34, 34);\"><span style=\"font-size: 20px;\"><strong>Siemens Alt\u0131n Pergel j&uuml;risinde<\/strong><\/span><\/span><\/p>\n<p>&Ouml;d&uuml;lleri MAKTEK Avrasya 2018 Fuar\u0131&rsquo;nda verilecek olan Alt\u0131n Pergel Yar\u0131\u015fmas\u0131&rsquo;nda bu y\u0131l&nbsp;<a href=\"https:\/\/www.siemens-home.bsh-group.com\/tr\/\" target=\"_blank\" rel=\"noopener\">Siemens<\/a>&nbsp;TAC Lideri &Ouml;zg&uuml;r Aslan j&uuml;ri &uuml;yesi olarak g&ouml;rev al\u0131yor. T&uuml;rkiye genelindeki t&uuml;m meslek liselerinin 10., 11. ve 12. s\u0131n\u0131f &ouml;\u011frencilerinin kat\u0131l\u0131m\u0131na a&ccedil;\u0131k olan Alt\u0131n Pergel Yar\u0131\u015fmas\u0131 kapsam\u0131nda &ouml;\u011frenciler, ekonomik CNC kontroll&uuml; 2 eksenli torna tezgah\u0131 tasar\u0131m\u0131 yapacaklar. J&uuml;rinin de\u011ferlendirmeleri sonucunda ilk 3&rsquo;e giren projelere &ouml;d&uuml;lleri, 2 Ekim 2018 tarihinde MAKTEK Avrasya 2018 Fuar\u0131&rsquo;n\u0131n a&ccedil;\u0131l\u0131\u015f t&ouml;reninde verilecek.<br \/>\n&nbsp;<\/span><\/span><\/div>\n<div style=\"color: rgb(34, 34, 34); font-family: Arial, Verdana, sans-serif; font-size: 12px; text-align: center;\"><a href=\"http:\/\/www.siemens.com.tr\/web\/1354-11985-1-1\/siemens_turkiye_-_tr\/enerji_uretimi\/ust_menu\/siemens_buhar_turbinleri\" target=\"_blank\" rel=\"noopener\"><img decoding=\"async\" alt=\"\" src=\"https:\/\/cdnelektrikport.4flyy.com\/\/Content\/\/201602\/sim_buhar_banner_710x90_2202_recode.jpg\" style=\"width: 100%; height: 100%;\" \/><\/a><\/div>\n<div style=\"color: rgb(34, 34, 34); font-family: Arial, Verdana, sans-serif; font-size: 12px; text-align: justify;\">\n<span style=\"font-size: 16px;\"><span style=\"font-family: &quot;trebuchet ms&quot;, helvetica, sans-serif;\"><span style=\"color: rgb(178, 34, 34);\"><span style=\"font-size: 20px;\"><strong>Siemens T&uuml;rkiye hakk\u0131nda:<\/strong><\/span><\/span><\/p>\n<p>1847 y\u0131l\u0131nda Werner von&nbsp;<a href=\"https:\/\/www.siemens-home.bsh-group.com\/tr\/\" target=\"_blank\" rel=\"noopener\">Siemens<\/a>&nbsp;taraf\u0131ndan Almanya&rsquo;da temelleri at\u0131lan Siemens, T&uuml;rkiye&rsquo;de 162 y\u0131ld\u0131r faaliyet g&ouml;stermektedir.&nbsp; Siemens T&uuml;rkiye, teknolojiye olan tutkusu ve k&ouml;kl&uuml; birikimiyle; enerji, altyap\u0131, elektrifikasyon, otomasyon, dijitalizasyon ve sa\u011fl\u0131k sekt&ouml;rlerine &ouml;nc&uuml;l&uuml;k eden &ccedil;al\u0131\u015fmalara imza atmaktad\u0131r. 3 binden fazla &ccedil;al\u0131\u015fan\u0131 bulunan Siemens T&uuml;rkiye, dolayl\u0131 olarak ise 40 bin ki\u015fiye istihdam sa\u011flamaktad\u0131r. Siemens T&uuml;rkiye&rsquo;de kad\u0131n &ccedil;al\u0131\u015fan oran\u0131 %24,5&#39;dir.&nbsp;<a href=\"https:\/\/www.siemens-home.bsh-group.com\/tr\/\" target=\"_blank\" rel=\"noopener\">Siemens<\/a>&nbsp;T&uuml;rkiye, &uuml;lke ekonomisine, do\u011frudan, dolayl\u0131 ve te\u015fvik edilen olmak &uuml;zere 3,2 milyar TL tutar\u0131nda katk\u0131 sa\u011flamaktad\u0131r. (PriceWaterhouse Coopers 2016 Raporu) Merkezi \u0130stanbul Kartal&rsquo;da bulunan Siemens T&uuml;rkiye, Ankara, \u0130zmir, Adana ve Bursa&rsquo;daki ofisleri, Gebze&rsquo;deki Entegre &Uuml;retim Tesisleri ve Ankara ODT&Uuml;&rsquo;de yer alan Teknokent ofisleri ile hizmet vermektedir.<\/span><\/span><br \/>\n&nbsp;<\/div>\n<div style=\"color: rgb(34, 34, 34); font-family: Arial, Verdana, sans-serif; font-size: 12px; text-align: center;\">&nbsp;<a href=\"http:\/\/www.elektrikport.com\/universite\/uretimde-yenilikci-cozum-dijital-fabrika\/14736\" target=\"_blank\" rel=\"noopener\"><img decoding=\"async\" alt=\"\" src=\"https:\/\/cdnelektrikport.4flyy.com\/\/Content\/\/201508\/Dijital%20Fabrika%20710x120.jpg\" style=\"width: 100%; height: 100%;\" \/><\/a><\/div>\n<div style=\"color: rgb(34, 34, 34); font-family: Arial, Verdana, sans-serif; font-size: 12px; text-align: justify;\">\n<span style=\"font-size: 16px;\"><span style=\"font-family: &quot;trebuchet ms&quot;, helvetica, sans-serif;\"><strong><span style=\"color: rgb(178, 34, 34);\"><span style=\"font-size: 20px;\">Siemens hakk\u0131nda:<\/span><\/span><\/strong><\/p>\n<p><a href=\"https:\/\/www.siemens-home.bsh-group.com\/tr\/\" target=\"_blank\" rel=\"noopener\">Siemens<\/a>&nbsp;AG (Berlin ve M&uuml;nih), 171 y\u0131ld\u0131r m&uuml;hendislikte m&uuml;kemmellik, inovasyon, kalite ve g&uuml;venilirlik y&ouml;nleriyle &ouml;ne &ccedil;\u0131kan uluslararas\u0131 bir teknoloji \u015firketidir. D&uuml;nya &ccedil;ap\u0131nda faaliyet g&ouml;steren \u015firket, elektrifikasyon, otomasyon ve dijitalizasyon alanlar\u0131na odaklanmaktad\u0131r. Enerji ve kaynaklar\u0131 verimli kullanan teknolojileri ile d&uuml;nyan\u0131n en b&uuml;y&uuml;k &uuml;reticilerinden biri olan Siemens, verimli enerji &uuml;retimi ve enerji iletimi &ccedil;&ouml;z&uuml;mleri tedarikinde lider konumda bulunmaktad\u0131r.&nbsp;<a href=\"https:\/\/www.siemens-home.bsh-group.com\/tr\/\" target=\"_blank\" rel=\"noopener\">Siemens<\/a>&nbsp;ayr\u0131ca altyap\u0131 &ccedil;&ouml;z&uuml;mleriyle end&uuml;stri i&ccedil;in otomasyon, s&uuml;r&uuml;c&uuml; ve yaz\u0131l\u0131m &ccedil;&ouml;z&uuml;mlerinde &ouml;nc&uuml;l&uuml;k etmektedir. \u015eirket, bunun yan\u0131nda &ouml;nemli t\u0131bbi g&ouml;r&uuml;nt&uuml;leme sistemleri (bilgisayarl\u0131 tomografi, manyetik rezonans vb.) tedarik&ccedil;ilerindendir ve laboratuvar diagnosti\u011fi ile birlikte klinik IT alanlar\u0131nda da lider konumdad\u0131r.&nbsp; 30 Eyl&uuml;l 2017 tarihinde sona eren 2017 mali y\u0131l\u0131nda \u015firketin elde etti\u011fi toplam cirosu 83 milyar Euro, net k&acirc;r\u0131 ise 6,2 milyar Euro&rsquo;dur. Eyl&uuml;l 2017 sonu itibariyle&nbsp;<a href=\"https:\/\/www.siemens-home.bsh-group.com\/tr\/\" target=\"_blank\" rel=\"noopener\">Siemens&#39;in<\/a>&nbsp;d&uuml;nya genelindeki toplam &ccedil;al\u0131\u015fan say\u0131s\u0131 yakla\u015f\u0131k 372 bindir. Ayr\u0131nt\u0131l\u0131 bilgi i&ccedil;in&nbsp;<a href=\"https:\/\/www.siemens-home.bsh-group.com\/tr\/\" target=\"_blank\" rel=\"noopener\">www.siemens.com<\/a>&nbsp;adresini ziyaret edebilirsiniz.<\/span><\/span><\/p>\n<p><strong style=\"margin: 0px; padding: 0px; border: 0px; font-variant-numeric: inherit; font-variant-east-asian: inherit; font-stretch: inherit; font-size: 18px; line-height: inherit; font-family: &quot;Trebuchet MS&quot;, Arial, Helvetica, sans-serif; vertical-align: baseline; color: rgb(51, 51, 51);\">Kaynak:<br \/>\n<a href=\"https:\/\/www.siemens-home.bsh-group.com\/tr\/\" target=\"_blank\" rel=\"noopener\"><img decoding=\"async\" alt=\"\" src=\"https:\/\/cdnelektrikport.4flyy.com\/\/Content\/\/201704\/siemens.jpg\" style=\"width: 200px; height: 123px;\" \/><\/a><\/strong><br \/>\n<span style=\"font-size: 16px;\"><span style=\"font-family: &quot;trebuchet ms&quot;, helvetica, sans-serif;\">&nbsp;<br \/>\n&nbsp;<\/span><\/span><\/div>","protected":false},"excerpt":{"rendered":"<p>Makine sekt\u00f6r\u00fcn\u00fcn Avrasya b\u00f6lgesindeki en b\u00fcy\u00fck bulu\u015fmas\u0131 olan ve 2-7 Ekim tarihlerinde T\u00dcYAP Fuar ve Kongre Merkezi\u2019nde d\u00fczenlenen MAKTEK Avrasya 2018 Fuar\u0131\u2019nda Siemens, tak\u0131m tezgahlar\u0131nda dijitalle\u015fmenin getirdi\u011fi avantajlar\u0131 ve end\u00fcstriyel internet platformu MindSphere\u2019in makine \u00fcreticilerine sundu\u011fu yeni i\u015f modellerini tan\u0131tacak.<\/p>","protected":false},"author":1,"featured_media":0,"comment_status":"open","ping_status":"open","sticky":false,"template":"","format":"standard","meta":{"_acf_changed":false,"pmpro_default_level":"","footnotes":""},"categories":[1],"tags":[],"coauthors":[],"class_list":["post-1622","post","type-post","status-publish","format-standard","hentry","category-uncategorized","pmpro-has-access"],"acf":[],"_links":{"self":[{"href":"https:\/\/endustri40.com\/en\/wp-json\/wp\/v2\/posts\/1622","targetHints":{"allow":["GET"]}}],"collection":[{"href":"https:\/\/endustri40.com\/en\/wp-json\/wp\/v2\/posts"}],"about":[{"href":"https:\/\/endustri40.com\/en\/wp-json\/wp\/v2\/types\/post"}],"author":[{"embeddable":true,"href":"https:\/\/endustri40.com\/en\/wp-json\/wp\/v2\/users\/1"}],"replies":[{"embeddable":true,"href":"https:\/\/endustri40.com\/en\/wp-json\/wp\/v2\/comments?post=1622"}],"version-history":[{"count":0,"href":"https:\/\/endustri40.com\/en\/wp-json\/wp\/v2\/posts\/1622\/revisions"}],"wp:attachment":[{"href":"https:\/\/endustri40.com\/en\/wp-json\/wp\/v2\/media?parent=1622"}],"wp:term":[{"taxonomy":"category","embeddable":true,"href":"https:\/\/endustri40.com\/en\/wp-json\/wp\/v2\/categories?post=1622"},{"taxonomy":"post_tag","embeddable":true,"href":"https:\/\/endustri40.com\/en\/wp-json\/wp\/v2\/tags?post=1622"},{"taxonomy":"author","embeddable":true,"href":"https:\/\/endustri40.com\/en\/wp-json\/wp\/v2\/coauthors?post=1622"}],"curies":[{"name":"wp","href":"https:\/\/api.w.org\/{rel}","templated":true}]}}