{"id":1621,"date":"2025-02-02T13:43:53","date_gmt":"2025-02-02T13:43:53","guid":{"rendered":"https:\/\/endustri40.bktechin.com\/2025\/02\/02\/siemens-mindsphere-ile-dijitallesmenin-kapilarini-aciyor\/"},"modified":"2025-02-02T13:43:53","modified_gmt":"2025-02-02T13:43:53","slug":"siemens-mindsphere-ile-dijitallesmenin-kapilarini-aciyor","status":"publish","type":"post","link":"https:\/\/endustri40.com\/en\/siemens-mindsphere-ile-dijitallesmenin-kapilarini-aciyor\/","title":{"rendered":"Siemens, MindSphere ile Dijitalle\u015fmenin Kap\u0131lar\u0131n\u0131 A\u00e7\u0131yor"},"content":{"rendered":"<p style=\"text-align: justify;\"><span style=\"font-size:16px;\"><span style=\"font-family:trebuchet ms,helvetica,sans-serif;\">Tak\u0131m Tezg&acirc;hlar\u0131 Sanayici ve \u0130\u015fadamlar\u0131 Derne\u011fi (T\u0130AD) ve Makina \u0130malat&ccedil;\u0131lar\u0131 Birli\u011fi (M\u0130B) i\u015fbirli\u011fiyle d&uuml;zenlenen, makine sekt&ouml;r&uuml;n&uuml;n Avrasya b&ouml;lgesindeki en b&uuml;y&uuml;k bulu\u015fmas\u0131 olan MAKTEK Avrasya 2018 Fuar\u0131&rsquo;nda <strong><a href=\"https:\/\/endustri40.com\/en\/siemens-in-endustriyel-bulut-platformu-mindsphere\/\" target=\"_blank\">Siemens<\/a><\/strong>, bu y\u0131l da yerini al\u0131yor. 2-7 Ekim 2018 tarihlerinde T&Uuml;YAP Fuar ve Kongre Merkezi&rsquo;nde ger&ccedil;ekle\u015fecek fuarda Siemens, 132 m2&rsquo;lik stand\u0131nda tak\u0131m tezgah\u0131na &ouml;zg&uuml; kontrol &uuml;nitelerini ve dijitalle\u015fmenin getirdi\u011fi avantajlar\u0131 g&ouml;zler &ouml;n&uuml;ne sererken makine &uuml;reticilerine verimlilik sa\u011flayan, ayn\u0131 zamanda yeni i\u015f modelleri sunan MindSphere&rsquo;i tan\u0131tacak.<\/span><\/span><\/p>\n<h1 style=\"text-align: justify;\"><span class=\"ez-toc-section\" id=\"Tum_Veriler_Bir_Arada\"><\/span><span style=\"color:#B22222;\"><span style=\"font-size:22px;\"><span style=\"font-family:trebuchet ms,helvetica,sans-serif;\"><strong>T&uuml;m Veriler Bir Arada <\/strong><\/span><\/span><\/span><span class=\"ez-toc-section-end\"><\/span><\/h1>\n<p style=\"text-align: justify;\"><span style=\"font-size:16px;\"><span style=\"font-family:trebuchet ms,helvetica,sans-serif;\">Siemens&rsquo;in end&uuml;striyel internet platformu <strong><a href=\"https:\/\/endustri40.com\/en\/siemens-in-endustriyel-bulut-platformu-mindsphere\/\" target=\"_blank\">MindSphere<\/a><\/strong> ile sahada bulunan t&uuml;m makineler a\u011fa ba\u011flan\u0131yor, makinelerde olu\u015fan veriler toplan\u0131yor ve buluta ta\u015f\u0131n\u0131yor. B&ouml;ylece makine &uuml;reticileri ve operat&ouml;rleri daha &ouml;nce m&uuml;mk&uuml;n olmayan hacimlerdeki verileri analiz ederek kullanabiliyorlar. Bu sayede makinelerin verimlili\u011fini art\u0131rmak m&uuml;mk&uuml;n oluyor. Elde edilen veriler kullan\u0131larak MindSphere &uuml;zerinde aplikasyonlar geli\u015ftirilebiliyor. Bu aplikasyonlar koruyucu bak\u0131m, enerji veri y&ouml;netimi ya da kaynak optimizasyonu gibi yenilik&ccedil;i dijital hizmetler ve makine ara&ccedil;lar\u0131 i&ccedil;in yeni uygulamalara ba\u015flang\u0131&ccedil; noktas\u0131 olu\u015fturuyor. Tamamen a&ccedil;\u0131k bir sistem olmas\u0131; makine &uuml;reticileri, ekipman &uuml;reticileri ve makine kullan\u0131c\u0131lar\u0131 i&ccedil;in yeni i\u015f modelleri de olu\u015fturuyor.<\/span><\/span><\/p>\n<p style=\"text-align: center;\"><strong><span style=\"font-family:trebuchet ms,helvetica,sans-serif;\"><span style=\"font-size:20px;\">\u25ba\u0130lginizi &Ccedil;ekebilir:&nbsp;<a href=\"https:\/\/endustri40.com\/en\/siemens-in-endustriyel-bulut-platformu-mindsphere\/\" target=\"_blank\">SIEMENS&#39;in End&uuml;striyel Bulut Platformu | Mindsphere<\/a><\/span><\/span><\/strong><\/p>\n<p style=\"text-align: justify;\"><span style=\"font-size:16px;\"><span style=\"font-family:trebuchet ms,helvetica,sans-serif;\">MindSphere aplikasyonlar\u0131 makine &uuml;reticilerinin dijital d&uuml;nyaya rahat&ccedil;a ad\u0131m atmalar\u0131n\u0131 sa\u011flamak i&ccedil;in basit fonksiyonlar sunuyor. Makine &uuml;reticileri bu basit fonksiyonlar\u0131, kendilerine &ouml;zel, kapsaml\u0131 makine ve proses bilgilerine uygulayabiliyor, m&uuml;\u015fterileri i&ccedil;in yenilik&ccedil;i ve &ouml;zelle\u015ftirilmi\u015f uygulamalar, &ccedil;&ouml;z&uuml;mler ve hizmetler geli\u015ftirerek sunabiliyor. Bu sayede d&uuml;nyan\u0131n her k&ouml;\u015fesine da\u011f\u0131lm\u0131\u015f makineleri ya da makine filosunu izleyebilme ve durma s&uuml;relerini azaltma gibi avantajlar elde edebiliyorlar.<\/span><\/span><\/p>\n<p style=\"text-align: justify;\"><a href=\"http:\/\/www.elektrikport.com\/teknik-kutuphane\/motor-kontrolu-nedir-nasil-yapilir\/12251#ad-image-0\" style=\"font-family: Arial, Verdana, sans-serif; font-size: 12px; text-align: center;\" target=\"_blank\" rel=\"noopener\"><img decoding=\"async\" alt=\"\" src=\"https:\/\/cdnelektrikport.4flyy.com\/\/Content\/\/201408\/siemens(720x120).jpg\" style=\"width: 100%; height: 100%;\" \/><\/a><\/p>\n<h1 style=\"text-align: justify;\"><span class=\"ez-toc-section\" id=\"Surecler_Optimize_Ediliyor\"><\/span><span style=\"font-size:22px;\"><span style=\"font-family:trebuchet ms,helvetica,sans-serif;\"><span style=\"color:#B22222;\"><strong>S&uuml;re&ccedil;ler Optimize Ediliyor&nbsp; <\/strong><\/span><\/span><\/span><span class=\"ez-toc-section-end\"><\/span><\/h1>\n<p style=\"text-align: justify;\"><span style=\"font-size:16px;\"><span style=\"font-family:trebuchet ms,helvetica,sans-serif;\">Bunun en g&uuml;zel &ouml;rne\u011fi Siemens T&uuml;rkiye m&uuml;hendisleri taraf\u0131ndan <strong><a href=\"https:\/\/endustri40.com\/en\/siemens-in-endustriyel-bulut-platformu-mindsphere\/\" target=\"_blank\">MindSphere<\/a><\/strong> &uuml;zerinde geli\u015ftirilen Manage My Machine uygulamas\u0131. Uygulama sayesinde d&uuml;nyada herhangi bir yerdeki makinelerin verileri, mevcut veya ge&ccedil;mi\u015f durumlar\u0131 g&ouml;r&uuml;nt&uuml;lenebiliyor. Bu veriler otomatik olarak SAP ERP ile senkronize ediliyor ve servis personeline g&ouml;rev atanabiliyor.<\/span><\/span><\/p>\n<p style=\"text-align: justify;\"><span style=\"font-size:16px;\"><span style=\"font-family:trebuchet ms,helvetica,sans-serif;\">Manage My Machine sayesinde &ouml;rne\u011fin Sinumerik 840D kontrol&uuml;, kolay ve h\u0131zl\u0131 bir \u015fekilde MindSphere&rsquo;e ba\u011flanabiliyor, b&ouml;ylece kullan\u0131c\u0131lar a\u011fa ba\u011fl\u0131 makinelerin hepsinden bilgi alabiliyorlar. \u0130lgili makine bilgilerinin toplan\u0131p analiz edilmesi sayesinde kullan\u0131c\u0131lar, makinelerin mevcut durumu hakk\u0131nda ve makine ge&ccedil;mi\u015fi ile ilgili \u015feffaf bir inceleme imkan\u0131na sahip oluyorlar. B&ouml;ylece durma s&uuml;releri azal\u0131yor, servis ve bak\u0131m s&uuml;re&ccedil;lerinde optimizasyon sa\u011flan\u0131yor, verimlilik art\u0131yor.<\/span><\/span><\/p>\n<p style=\"text-align: justify;\"><a href=\"http:\/\/www.elektrikport.com\/universite\/uretimde-yenilikci-cozum-dijital-fabrika\/14736\" style=\"font-family: Arial, Verdana, sans-serif; font-size: 12px; text-align: center;\" target=\"_blank\" rel=\"noopener\"><img decoding=\"async\" alt=\"\" src=\"https:\/\/cdnelektrikport.4flyy.com\/\/Content\/\/201508\/Dijital%20Fabrika%20710x120.jpg\" style=\"opacity: 0.9; width: 100%; height: 100%;\" \/><\/a><\/p>\n<h1 style=\"text-align: justify;\"><span class=\"ez-toc-section\" id=\"Takim_Tezgahi_Kontrolune_Yonelik_En_Son_Yenilikler\"><\/span><span style=\"font-size:22px;\"><span style=\"color:#B22222;\"><span style=\"font-family:trebuchet ms,helvetica,sans-serif;\"><strong>Tak\u0131m Tezgah\u0131 Kontrol&uuml;ne Y&ouml;nelik En Son Yenilikler <\/strong><\/span><\/span><\/span><span class=\"ez-toc-section-end\"><\/span><\/h1>\n<p style=\"text-align: justify;\"><span style=\"font-size:16px;\"><span style=\"font-family:trebuchet ms,helvetica,sans-serif;\">&Ouml;te yandan MAKTEK Avrasya 2018 Fuar\u0131&rsquo;nda kat\u0131l\u0131mc\u0131lar, Siemens&rsquo;in tak\u0131m tezgah\u0131na &ouml;zg&uuml; &ccedil;&ouml;z&uuml;mlerini tan\u0131y\u0131p tecr&uuml;be etme olana\u011f\u0131 da buluyor. CAD\/CAM-CNC i&ccedil;in tasarlanan sanal makine ve a\u011f kurulumu &ccedil;&ouml;z&uuml;mleriyle tak\u0131m tezgahlar\u0131 aras\u0131nda, y&ouml;netim kademesinin de dahil oldu\u011fu ortak bir a\u011f kurulumu m&uuml;mk&uuml;n oluyor. Kesintisiz dijital &uuml;retim ve &uuml;retim kaynaklar\u0131n\u0131n verimli kullan\u0131m\u0131n\u0131 sa\u011flayan Siemens &Uuml;r&uuml;n Ya\u015fam D&ouml;ng&uuml;s&uuml; Y&ouml;netimi (Product Lifecycle Management &#8211; PLM) ve SINUMERIK Integrate uygulamalar\u0131ndaki en son yenilikler fuar kat\u0131l\u0131mc\u0131lar\u0131yla payla\u015f\u0131l\u0131yor.<\/span><\/span><\/p>\n<h1 style=\"text-align: justify;\"><span class=\"ez-toc-section\" id=\"Siemens_Altin_Pergel_Jurisinde\"><\/span><span style=\"color:#B22222;\"><span style=\"font-size:22px;\"><span style=\"font-family:trebuchet ms,helvetica,sans-serif;\"><strong>Siemens Alt\u0131n Pergel J&uuml;risinde<\/strong><\/span><\/span><\/span><span class=\"ez-toc-section-end\"><\/span><\/h1>\n<p style=\"text-align: justify;\"><span style=\"font-size:16px;\"><span style=\"font-family:trebuchet ms,helvetica,sans-serif;\">&Ouml;d&uuml;lleri MAKTEK Avrasya 2018 Fuar\u0131&rsquo;nda verilecek olan Alt\u0131n Pergel Yar\u0131\u015fmas\u0131&rsquo;nda bu y\u0131l Siemens TAC Lideri &Ouml;zg&uuml;r Aslan j&uuml;ri &uuml;yesi olarak g&ouml;rev al\u0131yor. T&uuml;rkiye genelindeki t&uuml;m meslek liselerinin 10., 11. ve 12. s\u0131n\u0131f &ouml;\u011frencilerinin kat\u0131l\u0131m\u0131na a&ccedil;\u0131k olan Alt\u0131n Pergel Yar\u0131\u015fmas\u0131 kapsam\u0131nda &ouml;\u011frenciler, ekonomik CNC kontroll&uuml; 2 eksenli torna tezgah\u0131 tasar\u0131m\u0131 yapacaklar. J&uuml;rinin de\u011ferlendirmeleri sonucunda ilk 3&rsquo;e giren projelere &ouml;d&uuml;lleri, 2 Ekim 2018 tarihinde MAKTEK Avrasya 2018 Fuar\u0131&rsquo;n\u0131n a&ccedil;\u0131l\u0131\u015f t&ouml;reninde verilecek.<\/span><\/span><\/p>\n<p style=\"text-align: justify;\"><a href=\"\/en\/new.siemens.com\/tr\/tr.html\/\" style=\"font-family: Arial, Verdana, sans-serif; font-size: 12px; text-align: justify;\" target=\"_blank\"><img decoding=\"async\" alt=\"\" src=\"https:\/\/cdnen4.yasaminritmi.com\/image\/5f7ad3a9420c414b96f5b59eb0f7912f\/Siemens Logo.jpg\" \/><\/a><\/p>","protected":false},"excerpt":{"rendered":"<p>Makine sekt\u00f6r\u00fcn\u00fcn Avrasya b\u00f6lgesindeki en b\u00fcy\u00fck bulu\u015fmas\u0131 olan ve 2-7 Ekim tarihlerinde T\u00dcYAP Fuar ve Kongre Merkezi\u2019nde d\u00fczenlenen MAKTEK Avrasya 2018 Fuar\u0131\u2019nda Siemens, tak\u0131m tezgahlar\u0131nda dijitalle\u015fmenin getirdi\u011fi avantajlar\u0131 ve end\u00fcstriyel internet platformu MindSphere\u2019in makine \u00fcreticilerine sundu\u011fu yeni i\u015f modellerini tan\u0131tacak.<\/p>","protected":false},"author":1,"featured_media":0,"comment_status":"open","ping_status":"open","sticky":false,"template":"","format":"standard","meta":{"_acf_changed":false,"pmpro_default_level":"","footnotes":""},"categories":[1],"tags":[],"coauthors":[],"class_list":["post-1621","post","type-post","status-publish","format-standard","hentry","category-uncategorized","pmpro-has-access"],"acf":[],"_links":{"self":[{"href":"https:\/\/endustri40.com\/en\/wp-json\/wp\/v2\/posts\/1621","targetHints":{"allow":["GET"]}}],"collection":[{"href":"https:\/\/endustri40.com\/en\/wp-json\/wp\/v2\/posts"}],"about":[{"href":"https:\/\/endustri40.com\/en\/wp-json\/wp\/v2\/types\/post"}],"author":[{"embeddable":true,"href":"https:\/\/endustri40.com\/en\/wp-json\/wp\/v2\/users\/1"}],"replies":[{"embeddable":true,"href":"https:\/\/endustri40.com\/en\/wp-json\/wp\/v2\/comments?post=1621"}],"version-history":[{"count":0,"href":"https:\/\/endustri40.com\/en\/wp-json\/wp\/v2\/posts\/1621\/revisions"}],"wp:attachment":[{"href":"https:\/\/endustri40.com\/en\/wp-json\/wp\/v2\/media?parent=1621"}],"wp:term":[{"taxonomy":"category","embeddable":true,"href":"https:\/\/endustri40.com\/en\/wp-json\/wp\/v2\/categories?post=1621"},{"taxonomy":"post_tag","embeddable":true,"href":"https:\/\/endustri40.com\/en\/wp-json\/wp\/v2\/tags?post=1621"},{"taxonomy":"author","embeddable":true,"href":"https:\/\/endustri40.com\/en\/wp-json\/wp\/v2\/coauthors?post=1621"}],"curies":[{"name":"wp","href":"https:\/\/api.w.org\/{rel}","templated":true}]}}