{"id":1608,"date":"2025-02-02T13:43:53","date_gmt":"2025-02-02T13:43:53","guid":{"rendered":"https:\/\/endustri40.bktechin.com\/2025\/02\/02\/siemens-teknolojileri-9-enerji-verimliligi-forumu-ve-fuarinda\/"},"modified":"2025-02-02T13:43:53","modified_gmt":"2025-02-02T13:43:53","slug":"siemens-teknolojileri-9-enerji-verimliligi-forumu-ve-fuarinda","status":"publish","type":"post","link":"https:\/\/endustri40.com\/en\/siemens-teknolojileri-9-enerji-verimliligi-forumu-ve-fuarinda\/","title":{"rendered":"Siemens Teknolojileri 9. Enerji Verimlili\u011fi Forumu ve Fuar\u0131\u2019nda"},"content":{"rendered":"<p style=\"text-align: justify;\"><span style=\"font-size:16px;\"><span style=\"font-family:trebuchet ms,helvetica,sans-serif;\">Son &uuml;&ccedil; y\u0131lda 700&rsquo;e yak\u0131n enerji verimlili\u011fi projesi ile 180 milyon TL&rsquo;lik enerji tasarrufu sa\u011flayan <a href=\"http:\/\/www.siemens.com.tr\/tr\" target=\"_blank\" rel=\"noopener\"><strong>Siemens T&uuml;rkiye<\/strong><\/a>, 29-30 Mart tarihlerinde, L&uuml;tfi K\u0131rdar Uluslararas\u0131 Kongre ve Sergi Saray\u0131&rsquo;nda d&uuml;zenlenen <strong>9. Ulusal Enerji Verimlili\u011fi Forumu ve Fuar\u0131&rsquo;nda<\/strong>&nbsp;maksimum enerji ve maliyet tasarrufu sa\u011flayan &uuml;r&uuml;nlerini ve &ccedil;&ouml;z&uuml;mlerini tan\u0131tt\u0131.<\/span><\/span><\/p>\n<p style=\"text-align: justify;\"><span style=\"font-size:16px;\"><span style=\"font-family:trebuchet ms,helvetica,sans-serif;\">T&uuml;rkiye&rsquo;nin enerji politikalar\u0131n\u0131n \u015fekillenmesindeki rol&uuml;yle &ouml;ne &ccedil;\u0131kan Ulusal Enerji Verimlili\u011fi Forumu ve Fuar\u0131&rsquo;na kat\u0131lan Siemens; fuar s&uuml;resince &uuml;r&uuml;n ve teknolojileri ile ilgili yenilikleri kamuoyuyla payla\u015ft\u0131. <strong><a href=\"http:\/\/www.siemens.com.tr\/tr\" target=\"_blank\" rel=\"noopener\">Siemens T&uuml;rkiye G&uuml;&ccedil; Sistemleri Dan\u0131\u015fman\u0131 \u0130smail \u015eahin<\/a><\/strong>, &lsquo;\u0130letim, Da\u011f\u0131t\u0131m Sistemlerinde Enerji Verimlili\u011fi ve Ak\u0131ll\u0131 \u015eebekeler&rsquo;, Siemens T&uuml;rkiye Enerji &Uuml;retimi Sat\u0131\u015f Y&ouml;neticisi S&uuml;nusi Turfanda, &lsquo;Tar\u0131msal ve Ormansal At\u0131klarla Kojenerasyon&rsquo; ve Siemens T&uuml;rkiye Enerji Verimlili\u011fi Koordinat&ouml;r&uuml; Hakan Olcay da &lsquo;Sanayide Dijital D&ouml;n&uuml;\u015f&uuml;m ve Enerji Verimlili\u011fi&rsquo; konular\u0131ndaki teknolojileri kat\u0131l\u0131mc\u0131lara anlatt\u0131.<\/span><\/span><\/p>\n<p style=\"text-align: justify;\"><a href=\"https:\/\/endustri40.com\/en\/gaz-turbini-bicaklarinin-katmanli-uretimi\/\" target=\"_blank\"><img decoding=\"async\" alt=\"\" src=\"https:\/\/cdnen4.yasaminritmi.com\/image\/4c1caa245c344889bd20a162c9d7f07d\/Gaz T\u00fcrbini B\u0131\u00e7aklar\u0131n\u0131n Katmanl\u0131 \u00dcretimi.jpg\" style=\"height: 100%; width: 100%;\" \/><\/a><\/p>\n<p style=\"text-align: justify;\"><span style=\"font-size:16px;\"><span style=\"font-family:trebuchet ms,helvetica,sans-serif;\">Siemens T&uuml;rkiye Enerji Verimlili\u011fi Koordinat&ouml;r&uuml; Hakan Olcay<\/span><\/span><span style=\"font-family: &quot;trebuchet ms&quot;, helvetica, sans-serif; font-size: 16px;\">, fuarda yapt\u0131\u011f\u0131 konu\u015fmada, elektrifikasyon, otomasyon ve dijitalizasyon konular\u0131na odaklanarak topluma ve ekonomiye katk\u0131 sa\u011flayan Siemens T&uuml;rkiye&rsquo;nin, son &uuml;&ccedil; y\u0131lda 700&rsquo;e yak\u0131n enerji verimlili\u011fi projesi ger&ccedil;ekle\u015ftirdi\u011fini aktard\u0131. Bu projelerde 180 milyon TL&rsquo;lik toplam enerji tasarrufu sa\u011fland\u0131\u011f\u0131n\u0131 belirten Olcay, <strong>&ldquo;Bu tasarruf miktar\u0131, 700 bin ton daha az karbondioksit emisyonu ve 210 bin a\u011fa&ccedil; dikimine e\u015fde\u011fer katk\u0131 anlam\u0131na geliyor&rdquo;<\/strong> dedi.<\/span><\/p>\n<div><span style=\"font-size:20px;\"><span style=\"color:#B22222;\"><span style=\"font-family:trebuchet ms,helvetica,sans-serif;\"><strong>Siemens enerji tasarrufu projelerinin sa\u011flayaca\u011f\u0131 fayday\u0131 ortaya koyuyor<\/strong><\/span><\/span><\/span><\/div>\n<p style=\"text-align: justify;\"><span style=\"font-size:16px;\"><span style=\"font-family:trebuchet ms,helvetica,sans-serif;\"><strong><a href=\"http:\/\/www.siemens.com.tr\/tr\" target=\"_blank\" rel=\"noopener\">Siemens T&uuml;rkiye Enerji Verimlili\u011fi Ekibinin<\/a><\/strong>, i\u015fletmelerin t&uuml;ketim kaynaklar\u0131n\u0131 detayl\u0131 bir \u015fekilde analiz ederek t&uuml;m potansiyel<font color=\"#0782c1\">&nbsp;<\/font>enerji tasarrufu projelerinin sa\u011flayaca\u011f\u0131 fayday\u0131 ortaya&nbsp;koydu\u011funu&nbsp;ifade eden Hakan Olcay, &ldquo;Et&uuml;t &ccedil;al\u0131\u015fmas\u0131n\u0131n ard\u0131ndan, hayata ge&ccedil;irilen projelerin enerji t&uuml;ketimlerini otomasyon ve yaz\u0131l\u0131m &ccedil;&ouml;z&uuml;mleriyle &ouml;l&ccedil;&uuml;yor, izliyor ve uygulama kurulumunu y&ouml;netiyoruz. Siemens&rsquo;in sistem tasar\u0131m\u0131, kurulumu, devreye alma ve bak\u0131m konular\u0131ndaki uzmanl\u0131\u011f\u0131, enerji verimlili\u011fi &ccedil;&ouml;z&uuml;mlerinin hayata ge&ccedil;irilmesi s\u0131ras\u0131ndaki problemleri ortadan kald\u0131r\u0131yor&rdquo; diye konu\u015ftu.<\/span><\/span><\/p>\n<p style=\"text-align: justify;\"><a href=\"https:\/\/endustri40.com\/en\/neden-siemens-endustri-4-0da-bir-adim-onde-olmaya-devam-ediyor\/\" target=\"_blank\"><img decoding=\"async\" alt=\"\" src=\"https:\/\/cdnen4.yasaminritmi.com\/image\/efb9c33f6c2246ff99d5ce4d68bc0eaf\/Neden Siemens, End\u00fcstri 4.0'da Bir Ad\u0131m \u00d6nde Olmaya Devam Ediyor.jpg\" style=\"height: 100%; width: 100%;\" \/><\/a><\/p>\n<p style=\"text-align: justify;\"><span style=\"font-size:16px;\"><span style=\"font-family:trebuchet ms,helvetica,sans-serif;\">Olcay, Siemens&rsquo;in otomasyon ve dijitalizasyon kapsam\u0131nda sundu\u011fu veri tabanl\u0131 hizmetlerini ve bu hizmetlerin enerji verimlili\u011fine katk\u0131s\u0131n\u0131 aktard\u0131\u011f\u0131 konu\u015fmas\u0131na \u015f&ouml;yle devam etti: &ldquo;Siemens&rsquo;in enerji y&ouml;netim sistemlerini kullanarak enerji harcamalar\u0131n\u0131 y&uuml;zde 15&#39;e varan oranlarda azaltmak m&uuml;mk&uuml;n. Siemens&rsquo;in do\u011fru \u015fekilde tasarlanm\u0131\u015f de\u011fi\u015fken h\u0131z s&uuml;r&uuml;c&uuml; sistemleri de, uygulamaya ba\u011fl\u0131 olarak, enerji t&uuml;ketimini y&uuml;zde 30 ila 80 oran\u0131nda azaltabiliyor. Siemens De\u011fi\u015fken H\u0131z S&uuml;r&uuml;c&uuml;leri, enerji y&ouml;netimi sistemlerine kolayca entegre edilebilen, de\u011fi\u015fken tarifeye g&ouml;re dinamik y&uuml;k y&ouml;netimi yaparak &ouml;nemli ekonomik fayda sa\u011flayabilen, ileri teknolojiye sahip ekipmanlardan olu\u015fuyor.&rdquo;<\/span><\/span><\/p>\n<p style=\"text-align: justify;\"><a href=\"\/en\/new.siemens.com\/tr\/tr.html\/\" style=\"font-family: Arial, Verdana, sans-serif; font-size: 12px; text-align: justify;\" target=\"_blank\"><img decoding=\"async\" alt=\"\" src=\"https:\/\/cdnen4.yasaminritmi.com\/image\/5f7ad3a9420c414b96f5b59eb0f7912f\/Siemens Logo.jpg\" \/><\/a><\/p>","protected":false},"excerpt":{"rendered":"<p>Siemens T\u00fcrkiye, enerji verimlili\u011fi pazar\u0131na y\u00f6n veren ileri teknolojiye sahip dijital \u00fcr\u00fcn ve \u00e7\u00f6z\u00fcmlerini Enerji ve Tabii Kaynaklar Bakanl\u0131\u011f\u0131 b\u00fcnyesinde d\u00fczenlenen 9. Ulusal Enerji Verimlili\u011fi Forumu ve Fuar\u0131\u2019nda tan\u0131tt\u0131.<\/p>","protected":false},"author":1,"featured_media":0,"comment_status":"open","ping_status":"open","sticky":false,"template":"","format":"standard","meta":{"_acf_changed":false,"pmpro_default_level":"","footnotes":""},"categories":[1],"tags":[],"coauthors":[],"class_list":["post-1608","post","type-post","status-publish","format-standard","hentry","category-uncategorized","pmpro-has-access"],"acf":[],"_links":{"self":[{"href":"https:\/\/endustri40.com\/en\/wp-json\/wp\/v2\/posts\/1608","targetHints":{"allow":["GET"]}}],"collection":[{"href":"https:\/\/endustri40.com\/en\/wp-json\/wp\/v2\/posts"}],"about":[{"href":"https:\/\/endustri40.com\/en\/wp-json\/wp\/v2\/types\/post"}],"author":[{"embeddable":true,"href":"https:\/\/endustri40.com\/en\/wp-json\/wp\/v2\/users\/1"}],"replies":[{"embeddable":true,"href":"https:\/\/endustri40.com\/en\/wp-json\/wp\/v2\/comments?post=1608"}],"version-history":[{"count":0,"href":"https:\/\/endustri40.com\/en\/wp-json\/wp\/v2\/posts\/1608\/revisions"}],"wp:attachment":[{"href":"https:\/\/endustri40.com\/en\/wp-json\/wp\/v2\/media?parent=1608"}],"wp:term":[{"taxonomy":"category","embeddable":true,"href":"https:\/\/endustri40.com\/en\/wp-json\/wp\/v2\/categories?post=1608"},{"taxonomy":"post_tag","embeddable":true,"href":"https:\/\/endustri40.com\/en\/wp-json\/wp\/v2\/tags?post=1608"},{"taxonomy":"author","embeddable":true,"href":"https:\/\/endustri40.com\/en\/wp-json\/wp\/v2\/coauthors?post=1608"}],"curies":[{"name":"wp","href":"https:\/\/api.w.org\/{rel}","templated":true}]}}