{"id":1599,"date":"2025-02-02T13:43:52","date_gmt":"2025-02-02T13:43:52","guid":{"rendered":"https:\/\/endustri40.bktechin.com\/2025\/02\/02\/siemens-factory-automation-tourda-otomasyon-ve-dijitallesmenin-gelecegine-isik-tutuldu\/"},"modified":"2025-02-02T13:43:52","modified_gmt":"2025-02-02T13:43:52","slug":"siemens-factory-automation-tourda-otomasyon-ve-dijitallesmenin-gelecegine-isik-tutuldu","status":"publish","type":"post","link":"https:\/\/endustri40.com\/en\/siemens-factory-automation-tourda-otomasyon-ve-dijitallesmenin-gelecegine-isik-tutuldu\/","title":{"rendered":"Siemens Factory Automation Tour\u2019da Otomasyon ve Dijitalle\u015fmenin Gelece\u011fine I\u015f\u0131k Tutuldu"},"content":{"rendered":"<p style=\"text-align: justify;\"><a href=\"http:\/\/new.siemens.com\/tr\/tr.html\" style=\"font-family: Arial, Verdana, sans-serif; font-size: 12px; text-align: justify;\" target=\"_blank\" rel=\"noopener\"><strong>Siemens T&uuml;rkiye<\/strong><\/a><span style=\"color: rgb(34, 34, 34); font-family: Arial, Verdana, sans-serif; font-size: 12px; text-align: justify;\">&rsquo;nin&nbsp;<\/span><strong style=\"color: rgb(34, 34, 34); font-family: Arial, Verdana, sans-serif; font-size: 12px; text-align: justify;\">&ldquo;Otomasyonun Gelece\u011fine Yolculuk&rdquo;<\/strong><span style=\"color: rgb(34, 34, 34); font-family: Arial, Verdana, sans-serif; font-size: 12px; text-align: justify;\">&nbsp;mottosu ile T&uuml;rkiye&rsquo;de ilk kez&nbsp;<\/span><a href=\"http:\/\/www.elektrikport.com\/teknik-kutuphane\/endustriyel-haberlesme-dijital-isletmenin-anahtari\/22897\" style=\"font-family: Arial, Verdana, sans-serif; font-size: 12px; text-align: justify;\" target=\"_blank\" rel=\"noopener\"><strong>dijital<\/strong><\/a><span style=\"color: rgb(34, 34, 34); font-family: Arial, Verdana, sans-serif; font-size: 12px; text-align: justify;\">&nbsp;ve interaktif bir ortamda d&uuml;zenledi\u011fi&nbsp;<\/span><strong style=\"color: rgb(34, 34, 34); font-family: Arial, Verdana, sans-serif; font-size: 12px; text-align: justify;\">Factory Automation Tour<\/strong><span style=\"color: rgb(34, 34, 34); font-family: Arial, Verdana, sans-serif; font-size: 12px; text-align: justify;\">, alan\u0131nda uzman isimler ve kat\u0131l\u0131mc\u0131lar\u0131 bulu\u015fturdu. &Uuml;&ccedil; g&uuml;n s&uuml;ren dijital etkinlikte kat\u0131l\u0131mc\u0131lar, end&uuml;striyel otomasyon ve dijitalle\u015fme s&uuml;re&ccedil;lerindeki son yenilikler ve gelecek &ouml;ng&ouml;r&uuml;leri hakk\u0131nda uzman isimlerden bilgiler ald\u0131.<\/span><br style=\"color: rgb(34, 34, 34); font-family: Arial, Verdana, sans-serif; font-size: 12px; text-align: justify;\" \/><br \/>\n<br style=\"color: rgb(34, 34, 34); font-family: Arial, Verdana, sans-serif; font-size: 12px; text-align: justify;\" \/><br \/>\n<span style=\"color: rgb(34, 34, 34); font-family: Arial, Verdana, sans-serif; font-size: 12px; text-align: justify;\">Dijital etkinlikte toplam 11 canl\u0131 sunum yap\u0131ld\u0131. Kat\u0131l\u0131mc\u0131lar taraf\u0131ndan yo\u011fun ilgi g&ouml;ren FA Tour, sanal fuar alan\u0131na da ev sahipli\u011fi yapt\u0131. Kat\u0131l\u0131mc\u0131lar fuar alan\u0131nda Siemens&rsquo;in farkl\u0131 sekt&ouml;rlere y&ouml;nelik &uuml;retti\u011fi, dijitalle\u015fmeye &ouml;nc&uuml;l&uuml;k eden geni\u015f &uuml;r&uuml;n, servis ve hizmet gam\u0131n\u0131 inceleme f\u0131rsat\u0131 buldu.<\/span><\/p>\n<div style=\"color: rgb(34, 34, 34); font-family: Arial, Verdana, sans-serif; font-size: 12px; text-align: center;\"><span style=\"color: rgb(47, 79, 79);\"><em><span style=\"font-size: 18px;\"><strong><img decoding=\"async\" alt=\"\" src=\"https:\/\/cdnelektrikport.4flyy.com\/\/Content\/\/202102\/metini%c3%a7i-Siemens%20Factory%20Automation%20Tour%202021.png\" style=\"width: 100%; height: 100%;\" \/><\/strong><\/span><\/em><\/span><\/p>\n<p><strong style=\"font-family: &quot;courier new&quot;, courier, monospace; font-size: 18px;\"><span style=\"font-family: &quot;trebuchet ms&quot;, helvetica, sans-serif;\">\u25ba\u0130lginizi &Ccedil;ekebilir:&nbsp;<a href=\"https:\/\/www.elektrikport.com\/teknik-kutuphane\/endustriyel-haberlesme-dijital-isletmenin-anahtari\/22897#ad-image-0\" target=\"_blank\" rel=\"noopener\">End&uuml;striyel Haberle\u015fme | Dijital \u0130\u015fletmenin Anahtar\u0131<\/a><\/span><\/strong><\/div>\n<p style=\"text-align: justify;\"><br style=\"color: rgb(34, 34, 34); font-family: Arial, Verdana, sans-serif; font-size: 12px; text-align: justify;\" \/><br \/>\n<span style=\"font-family: Arial, Verdana, sans-serif; font-size: 12px; text-align: justify; color: rgb(47, 79, 79);\"><em><span style=\"font-size: 18px;\"><strong>Ka&ccedil;\u0131ranlar i&ccedil;in etkinlik kapsam\u0131ndaki canl\u0131 yay\u0131n kay\u0131tlar\u0131, 26 \u015eubat tarihine kadar etkinlik platformu &uuml;zerinden izlenebilecek.<\/strong><\/span><\/em><\/span><br style=\"color: rgb(34, 34, 34); font-family: Arial, Verdana, sans-serif; font-size: 12px; text-align: justify;\" \/><br \/>\n<br style=\"color: rgb(34, 34, 34); font-family: Arial, Verdana, sans-serif; font-size: 12px; text-align: justify;\" \/><br \/>\n<span style=\"color: rgb(34, 34, 34); font-family: Arial, Verdana, sans-serif; font-size: 12px; text-align: justify;\">End&uuml;striyel alanlara y&ouml;nelik yeni nesil &ccedil;&ouml;z&uuml;mler ve uygulamalar\u0131n payla\u015f\u0131ld\u0131\u011f\u0131;&nbsp;<\/span><a href=\"http:\/\/www.elektrikport.com\/teknik-kutuphane\/bina-otomasyonu-onleyici-saglik-hizmetidir\/22622#ad-image-0\" style=\"font-family: Arial, Verdana, sans-serif; font-size: 12px; text-align: justify;\" target=\"_blank\" rel=\"noopener\"><strong>fabrika otomasyonu<\/strong><\/a><span style=\"color: rgb(34, 34, 34); font-family: Arial, Verdana, sans-serif; font-size: 12px; text-align: justify;\">,&nbsp;<\/span><strong style=\"color: rgb(34, 34, 34); font-family: Arial, Verdana, sans-serif; font-size: 12px; text-align: justify;\">dijitalizasyon<\/strong><span style=\"color: rgb(34, 34, 34); font-family: Arial, Verdana, sans-serif; font-size: 12px; text-align: justify;\">,&nbsp;<\/span><strong style=\"color: rgb(34, 34, 34); font-family: Arial, Verdana, sans-serif; font-size: 12px; text-align: justify;\">end&uuml;striyel haberle\u015fme<\/strong><span style=\"color: rgb(34, 34, 34); font-family: Arial, Verdana, sans-serif; font-size: 12px; text-align: justify;\">&nbsp;ile&nbsp;<\/span><strong style=\"color: rgb(34, 34, 34); font-family: Arial, Verdana, sans-serif; font-size: 12px; text-align: justify;\">g&uuml;&ccedil; kaynaklar\u0131<\/strong><span style=\"color: rgb(34, 34, 34); font-family: Arial, Verdana, sans-serif; font-size: 12px; text-align: justify;\">&nbsp;ve&nbsp;<\/span><a href=\"http:\/\/www.elektrikport.com\/teknik-kutuphane\/enerji-verimliliginde-bulut-tabanli-buyuk-veri-analizi\/22458\" style=\"font-family: Arial, Verdana, sans-serif; font-size: 12px; text-align: justify;\" target=\"_blank\" rel=\"noopener\"><strong>enerji y&ouml;netimi<\/strong><\/a><span style=\"color: rgb(34, 34, 34); font-family: Arial, Verdana, sans-serif; font-size: 12px; text-align: justify;\">ndeki yenilikler ve inovatif yaz\u0131l\u0131mlardaki geli\u015fmelerin masaya yat\u0131r\u0131ld\u0131\u011f\u0131 FA Tour&rsquo;a kat\u0131lma imkan\u0131 bulamayanlar, etkinlik kayd\u0131n\u0131z izlemek i&ccedil;in&nbsp;<\/span><a href=\"https:\/\/new.siemens.com\/tr\/tr\/sirket\/fuar-etkinlik-webinar\/virtual-factory-automation-tour-2020.html\" style=\"font-family: Arial, Verdana, sans-serif; font-size: 12px; text-align: justify;\" target=\"_blank\" rel=\"noopener\"><strong>t\u0131klay\u0131n\u0131z.<\/strong><\/a><span style=\"color: rgb(34, 34, 34); font-family: Arial, Verdana, sans-serif; font-size: 12px; text-align: justify;\">&nbsp;<\/span><br style=\"color: rgb(34, 34, 34); font-family: Arial, Verdana, sans-serif; font-size: 12px; text-align: justify;\" \/><br \/>\n<br style=\"color: rgb(34, 34, 34); font-family: Arial, Verdana, sans-serif; font-size: 12px; text-align: justify;\" \/><br \/>\n<a href=\"http:\/\/www.elektrikport.com\/sektor-rehberi\/enerji-verimliligi-icin-benzersiz-ozellikler-siemens-sinamics-v20\/15199#ad-image-0\" style=\"font-family: Arial, Verdana, sans-serif; font-size: 12px; text-align: center;\" target=\"_blank\" rel=\"noopener\"><img decoding=\"async\" alt=\"\" src=\"https:\/\/cdnelektrikport.4flyy.com\/\/Content\/\/201504\/Sinamics%20V20%20(720x120).jpg\" style=\"width: 100%; height: 100%;\" \/><\/a><span style=\"color: rgb(34, 34, 34); font-family: Arial, Verdana, sans-serif; font-size: 12px; text-align: justify;\">&emsp;<\/span><\/p>\n<h2 style=\"color: rgb(34, 34, 34); font-family: Arial, Verdana, sans-serif; text-align: justify;\"><span class=\"ez-toc-section\" id=\"Siemens_Turkiye_Hakkinda\"><\/span><strong><span style=\"color: rgb(0, 128, 128);\"><span style=\"font-size: 22px;\">Siemens T&uuml;rkiye Hakk\u0131nda:<\/span><\/span><\/strong><span class=\"ez-toc-section-end\"><\/span><\/h2>\n<div style=\"color: rgb(34, 34, 34); font-family: Arial, Verdana, sans-serif; font-size: 12px; text-align: justify;\">1847 y\u0131l\u0131nda Werner von Siemens taraf\u0131ndan Almanya&rsquo;da temelleri at\u0131lan Siemens, T&uuml;rkiye&rsquo;de 165 y\u0131ld\u0131r faaliyet g&ouml;stermektedir.&nbsp;<a href=\"https:\/\/new.siemens.com\/tr\/tr.html\" target=\"_blank\" rel=\"noopener\"><strong>Siemens T&uuml;rkiye<\/strong><\/a>, teknolojiye olan tutkusu ve k&ouml;kl&uuml; birikimiyle; enerji, altyap\u0131, elektrifikasyon, otomasyon, dijitalizasyon ve sa\u011fl\u0131k sekt&ouml;rlerine &ouml;nc&uuml;l&uuml;k eden &ccedil;al\u0131\u015fmalara imza atmaktad\u0131r.<\/p>\n<p>Yakla\u015f\u0131k 3 bin &ccedil;al\u0131\u015fan\u0131 bulunan Siemens T&uuml;rkiye, dolayl\u0131 olarak ise 40 bin ki\u015fiye istihdam sa\u011flamaktad\u0131r. Siemens T&uuml;rkiye&rsquo;de kad\u0131n m&uuml;hendis oran\u0131 y&uuml;zde 33&#39;t&uuml;r.<\/p><\/div>\n<p style=\"text-align: justify;\">&nbsp;<\/p>\n<h2 style=\"color: rgb(34, 34, 34); font-family: Arial, Verdana, sans-serif; text-align: justify;\"><span class=\"ez-toc-section\" id=\"Siemens_AG_Berlin_ve_Munih\"><\/span><span style=\"font-size: 22px;\"><strong><span style=\"color: rgb(0, 128, 128);\">Siemens AG (Berlin ve M&uuml;nih)<\/span><\/strong><\/span><span class=\"ez-toc-section-end\"><\/span><\/h2>\n<div style=\"color: rgb(34, 34, 34); font-family: Arial, Verdana, sans-serif; font-size: 12px; text-align: justify;\">\n<p>\n170 y\u0131l\u0131 a\u015fk\u0131n s&uuml;redir m&uuml;hendislikte m&uuml;kemmellik, inovasyon, kalite ve g&uuml;venilirlik y&ouml;nleriyle &ouml;ne &ccedil;\u0131kan uluslararas\u0131 bir teknoloji \u015firketidir. D&uuml;nya &ccedil;ap\u0131nda faaliyet g&ouml;steren \u015firket enerji &uuml;retimi ve da\u011f\u0131t\u0131m\u0131na, binalar ve da\u011f\u0131t\u0131k enerji sistemleri i&ccedil;in ak\u0131ll\u0131 altyap\u0131lara, proses ve &uuml;retim end&uuml;strilerinde otomasyon ve dijitalizasyona odaklanmaktad\u0131r. Siemens dijital d&uuml;nya ile fiziksel d&uuml;nyay\u0131 bir araya getirerek m&uuml;\u015fterilerine ve topluma fayda sa\u011flar. Siemens, demiryolu ve karayolu ula\u015f\u0131m\u0131na y&ouml;nelik ak\u0131ll\u0131 ula\u015f\u0131m &ccedil;&ouml;z&uuml;mlerinin lider tedarik&ccedil;isi Siemens Mobility \u015firketi ile hem yolcu hem de y&uuml;k ta\u015f\u0131ma hizmetlerinde d&uuml;nya pazar\u0131n\u0131 \u015fekillendirmektedir.<\/p>\n<p>&Ccedil;o\u011funluk hisseleri halka arz edilen Siemens Healthineers ile, medikal teknoloji ve dijital sa\u011fl\u0131k hizmetlerinde de d&uuml;nyan\u0131n lider tedarik&ccedil;ilerindendir. Siemens ayr\u0131ca, 28 Eyl&uuml;l 2020 tarihinden beri borsada i\u015flem g&ouml;ren, elektrik enerjisinin iletimi ve &uuml;retiminde k&uuml;resel bir lider olan Siemens Energy \u015firketinde de az\u0131nl\u0131k hissesine sahiptir.<\/p>\n<p>30 Eyl&uuml;l 2020 tarihinde sona eren 2020 mali y\u0131l\u0131nda, Siemens Group&rsquo;un cirosu 57,1 milyar Euro, net k&acirc;r\u0131 ise 4,2 milyar Euro olmu\u015ftur. 30 Eyl&uuml;l 2020 itibar\u0131yla \u015firketin d&uuml;nya genelindeki &ccedil;al\u0131\u015fan say\u0131s\u0131 yakla\u015f\u0131k 293 bindir. Ayr\u0131nt\u0131l\u0131 bilgi i&ccedil;in<a href=\"http:\/\/www.siemens.com\" target=\"_blank\" rel=\"noopener\"><strong>&nbsp;www.siemens.com&nbsp;<\/strong><\/a>adresini ziyaret edebilirsiniz.<\/p>\n<p><span style=\"font-size: 20px;\"><strong>Kaynak:<\/strong><\/span><\/p>\n<h2><a href=\"https:\/\/new.siemens.com\/tr\/tr.html\" style=\"font-family: &quot;trebuchet ms&quot;, helvetica, sans-serif; font-size: 16px;\" target=\"_blank\" rel=\"noopener\"><img decoding=\"async\" alt=\"\" src=\"https:\/\/cdnelektrikport.4flyy.com\/\/Content\/\/202012\/siemens-logo-elektrikport.jpg\" style=\"width: 200px; height: 78px;\" \/><\/a><\/h2>\n<div>&nbsp;<\/div>\n<\/div>","protected":false},"excerpt":{"rendered":"<p>T\u00fcrkiye\u2019de ilk kez d\u00fczenlenen Siemens Factory Automation Tour sona erdi. 9-11 \u015eubat tarihlerinde 3 g\u00fcn s\u00fcreyle sekt\u00f6r temsilcilerini bulu\u015fturan dijital etkinlikte, end\u00fcstriyel otomasyon ve dijitalle\u015fme s\u00fcre\u00e7lerinin gelece\u011fi uzman isimlerin sunumlar\u0131yla ele al\u0131nd\u0131. Detaylar haberin devam\u0131nda&#8230;<\/p>","protected":false},"author":1,"featured_media":0,"comment_status":"open","ping_status":"open","sticky":false,"template":"","format":"standard","meta":{"_acf_changed":false,"pmpro_default_level":"","footnotes":""},"categories":[1],"tags":[],"coauthors":[],"class_list":["post-1599","post","type-post","status-publish","format-standard","hentry","category-uncategorized","pmpro-has-access"],"acf":[],"_links":{"self":[{"href":"https:\/\/endustri40.com\/en\/wp-json\/wp\/v2\/posts\/1599","targetHints":{"allow":["GET"]}}],"collection":[{"href":"https:\/\/endustri40.com\/en\/wp-json\/wp\/v2\/posts"}],"about":[{"href":"https:\/\/endustri40.com\/en\/wp-json\/wp\/v2\/types\/post"}],"author":[{"embeddable":true,"href":"https:\/\/endustri40.com\/en\/wp-json\/wp\/v2\/users\/1"}],"replies":[{"embeddable":true,"href":"https:\/\/endustri40.com\/en\/wp-json\/wp\/v2\/comments?post=1599"}],"version-history":[{"count":0,"href":"https:\/\/endustri40.com\/en\/wp-json\/wp\/v2\/posts\/1599\/revisions"}],"wp:attachment":[{"href":"https:\/\/endustri40.com\/en\/wp-json\/wp\/v2\/media?parent=1599"}],"wp:term":[{"taxonomy":"category","embeddable":true,"href":"https:\/\/endustri40.com\/en\/wp-json\/wp\/v2\/categories?post=1599"},{"taxonomy":"post_tag","embeddable":true,"href":"https:\/\/endustri40.com\/en\/wp-json\/wp\/v2\/tags?post=1599"},{"taxonomy":"author","embeddable":true,"href":"https:\/\/endustri40.com\/en\/wp-json\/wp\/v2\/coauthors?post=1599"}],"curies":[{"name":"wp","href":"https:\/\/api.w.org\/{rel}","templated":true}]}}