{"id":1450,"date":"2025-02-02T13:43:46","date_gmt":"2025-02-02T13:43:46","guid":{"rendered":"https:\/\/endustri40.bktechin.com\/2025\/02\/02\/icci-2019-28-mayista-kapilarini-aciyor-enerjide-donusum-ve-degisim\/"},"modified":"2025-02-02T13:43:46","modified_gmt":"2025-02-02T13:43:46","slug":"icci-2019-28-mayista-kapilarini-aciyor-enerjide-donusum-ve-degisim","status":"publish","type":"post","link":"https:\/\/endustri40.com\/en\/icci-2019-28-mayista-kapilarini-aciyor-enerjide-donusum-ve-degisim\/","title":{"rendered":"ICCI 2019, 28 May\u0131s\u2019ta Kap\u0131lar\u0131n\u0131 A\u00e7\u0131yor | Enerjide D\u00f6n\u00fc\u015f\u00fcm ve De\u011fi\u015fim"},"content":{"rendered":"<div style=\"color: rgb(34, 34, 34); font-family: Arial, Verdana, sans-serif; font-size: 12px; text-align: justify;\"><span style=\"font-size:16px;\"><span style=\"font-family:trebuchet ms,helvetica,sans-serif;\"><strong>\u0130stanbul Fuar Merkezi<\/strong>&rsquo;nde yap\u0131lacak olan ve enerji sekt&ouml;r&uuml;n&uuml;n sadece bug&uuml;n&uuml;n&uuml; de\u011fil ge&ccedil;mi\u015fini ve gelece\u011fini de g&ouml;zler &ouml;n&uuml;ne serecek bir program i&ccedil;eren&nbsp;<a href=\"http:\/\/www.icci.com.tr\/tr\" target=\"_blank\" rel=\"noopener\"><strong>ICCI 2019<\/strong><\/a>, T&uuml;rk i\u015f d&uuml;nyas\u0131n\u0131n ve sekt&ouml;r&uuml;n t&uuml;m etkili derneklerini de bir araya getirecek.<\/p>\n<p><strong>Prof. \u0130lber Ortayl\u0131<\/strong>,&nbsp;<strong>Prof. Dr. Emre Alkin<\/strong>,&nbsp;<strong>Alphan Manas<\/strong>&nbsp;ve&nbsp;<strong>Ali R\u0131za Ersoy<\/strong>&nbsp;ise, ICCI 2019&rsquo;un en dikkat &ccedil;ekici konu\u015fmac\u0131lar\u0131 aras\u0131nda yer alacak.<\/span><\/span><br \/>\n&nbsp;<\/div>\n<div style=\"color: rgb(34, 34, 34); font-family: Arial, Verdana, sans-serif; font-size: 12px; text-align: justify;\"><span style=\"font-size:16px;\"><span style=\"font-family:trebuchet ms,helvetica,sans-serif;\"><img decoding=\"async\" alt=\"\" src=\"https:\/\/cdnelektrikport.4flyy.com\/\/Content\/\/201905\/ICCI-davetli-konusmacilar.jpg\" style=\"width: 100%; height: 100%;\" \/><\/span><\/span><\/div>\n<div style=\"color: rgb(34, 34, 34); font-family: Arial, Verdana, sans-serif; font-size: 12px; text-align: justify;\">&nbsp;<\/div>\n<p style=\"color: rgb(34, 34, 34); font-family: Arial, Verdana, sans-serif; text-align: justify;\"><strong><span style=\"color:#B22222;\"><span style=\"font-size:22px;\"><span style=\"font-family:trebuchet ms,helvetica,sans-serif;\">Sekt&ouml;r dernekleri ve i\u015f &ouml;rg&uuml;tleri &ldquo;sinerji&rdquo; i&ccedil;in bulu\u015facak<\/span><\/span><\/span><\/strong><\/p>\n<div style=\"color: rgb(34, 34, 34); font-family: Arial, Verdana, sans-serif; font-size: 12px; text-align: justify;\"><span style=\"font-size:16px;\"><span style=\"font-family:trebuchet ms,helvetica,sans-serif;\">&Uuml;&ccedil; g&uuml;n s&uuml;recek program\u0131yla sekt&ouml;r&uuml;n de\u011fi\u015fim, yeniden yap\u0131lanma ve finansman gibi en &ouml;nemli konular\u0131n\u0131 g&uuml;ndeme ta\u015f\u0131yacak olan ICCI 2019&rsquo;da; T&uuml;rk i\u015f d&uuml;nyas\u0131n\u0131n &ouml;nde gelen &ouml;rg&uuml;tleri T&Uuml;S\u0130AD, M&Uuml;S\u0130AD ve DE\u0130K; enerji sekt&ouml;r&uuml;n&uuml;n &ouml;nc&uuml; dernek ve yap\u0131lanmalar\u0131 T&Uuml;REB (T&uuml;rkiye R&uuml;zgar Enerjisi Birli\u011fi), G&Uuml;YAD (G&uuml;ne\u015f Enerjisi Yat\u0131r\u0131mc\u0131lar\u0131 Derne\u011fi), JESDER (Jeotermal Elektrik Santral Yat\u0131r\u0131mc\u0131lar\u0131 Derne\u011fi), TESAB (T&uuml;rkiye Elektrik Sanayi Birli\u011fi), ETD (Elektrik Ticareti Derne\u011fi), ENVER (Enerji Verimlili\u011fi Derne\u011fi), ENS\u0130A (Enerji Sanayici ve \u0130\u015f Adamlar\u0131 Derne\u011fi), AVERE T&uuml;rkiye Elektro Mobilite Derne\u011fi ve Shura Enerjide D&ouml;n&uuml;\u015f&uuml;m Platformu da farkl\u0131 oturumlarla yer alacak. EPDK deste\u011fiyle yap\u0131lacak olan &ldquo;Elektrik Piyasas\u0131&rdquo; oturumu ve Digit4Turkey Dijitalle\u015fme ve End&uuml;stri 4.0 Derne\u011fi&rsquo;nce d&uuml;zenlenecek &ldquo;Bili\u015fim Teknolojileri ve Enerji&rdquo; oturumu da sekt&ouml;r&uuml;n hayati konular\u0131n\u0131 g&uuml;ndeme getirecek.<\/p>\n<p><img decoding=\"async\" alt=\"\" src=\"https:\/\/cdnelektrikport.4flyy.com\/\/Content\/\/201905\/ICCI%202019.jpg\" style=\"width: 100%; height: 100%;\" \/><\/span><\/span><\/div>\n<div style=\"color: rgb(34, 34, 34); font-family: Arial, Verdana, sans-serif; font-size: 12px; text-align: justify;\">&nbsp;<\/div>\n<h1 style=\"color: rgb(34, 34, 34); font-family: Arial, Verdana, sans-serif; text-align: justify;\"><span class=\"ez-toc-section\" id=\"%E2%80%9CProsumerX%E2%80%9D_Gelecegin_enerji_dongusu_ICCI_ziyaretcileriyle_bulusacak\"><\/span><span style=\"font-size:22px;\"><span style=\"color:#B22222;\"><strong><span style=\"font-family:trebuchet ms,helvetica,sans-serif;\">&ldquo;ProsumerX&rdquo;: Gelece\u011fin enerji d&ouml;ng&uuml;s&uuml; ICCI ziyaret&ccedil;ileriyle bulu\u015facak<\/span><\/strong><\/span><\/span><span class=\"ez-toc-section-end\"><\/span><\/h1>\n<div style=\"color: rgb(34, 34, 34); font-family: Arial, Verdana, sans-serif; font-size: 12px; text-align: justify;\"><span style=\"font-size:16px;\"><span style=\"font-family:trebuchet ms,helvetica,sans-serif;\">Enerjide de\u011fi\u015fim ve d&ouml;n&uuml;\u015f&uuml;m&uuml;n en net yans\u0131malar\u0131n\u0131n g&ouml;r&uuml;lece\u011fi alan ku\u015fkusuz t&uuml;keticilerin art\u0131k hem &uuml;retici hem de t&uuml;ketici olaca\u011f\u0131 &ldquo;Prosumer: &Uuml;reten T&uuml;retici&rdquo; konsepti olacak. ICCI 2019&rsquo;da bu ama&ccedil;la kurulacak olan &ldquo;ProsumerX&rdquo; alan\u0131, &ccedil;at\u0131 &uuml;st&uuml; panel uygulamas\u0131 sayesinde kendi elektri\u011fini &uuml;reten, &uuml;retti\u011fi noktada t&uuml;keten ve ayr\u0131ca depolayabilen ev modeliyle ziyaret&ccedil;ileri gelece\u011fin enerji sistemi i\u015fleyi\u015fine g&ouml;t&uuml;recek.<\/p>\n<p><img decoding=\"async\" alt=\"\" src=\"https:\/\/cdnelektrikport.4flyy.com\/\/Content\/\/201905\/prosumers_%C4%B1cci.jpg\" style=\"width: 100%; height: 100%;\" \/><\/span><\/span><\/div>\n<div style=\"color: rgb(34, 34, 34); font-family: Arial, Verdana, sans-serif; font-size: 12px; text-align: justify;\">&nbsp;<\/div>\n<p style=\"color: rgb(34, 34, 34); font-family: Arial, Verdana, sans-serif; text-align: justify;\"><span style=\"font-size:22px;\"><strong><span style=\"font-family:trebuchet ms,helvetica,sans-serif;\"><span style=\"color: rgb(178, 34, 34);\">&ldquo;Enerji &Ouml;d&uuml;lleri&rdquo; 8. kez sahiplerini bulacak<\/span><\/span><\/strong><\/span><\/p>\n<p style=\"text-align: justify;\"><span style=\"font-size:16px;\"><span style=\"font-family:trebuchet ms,helvetica,sans-serif;\"><img decoding=\"async\" alt=\"\" src=\"https:\/\/cdnelektrikport.4flyy.com\/\/Content\/\/201905\/ICCI-enerji-odulleri.jpg\" style=\"color: rgb(34, 34, 34); font-family: Arial, Verdana, sans-serif; font-size: 12px; width: 100%; height: 100%;\" \/><\/span><\/span><\/p>\n<div style=\"color: rgb(34, 34, 34); font-family: Arial, Verdana, sans-serif; font-size: 12px; text-align: justify;\">\n<span style=\"font-size:16px;\"><span style=\"font-family:trebuchet ms,helvetica,sans-serif;\"><strong>ICCI&rsquo;\u0131n 25. y\u0131l\u0131nda<\/strong>&nbsp;g&ouml;rkemli bir t&ouml;renle&nbsp;<strong>8. kez<\/strong>&nbsp;sahiplerini bulacak&nbsp;<strong>Enerji &Ouml;d&uuml;lleri T&ouml;reni 28 May\u0131s 2019<\/strong>&nbsp;tarihinde&nbsp;<strong>\u0130stanbul WOW Otel<\/strong>&rsquo;de ger&ccedil;ekle\u015fecektir. T&uuml;rkiye&rsquo;de ilk ve tek olarak 2011 y\u0131l\u0131ndan beri her sene d&uuml;zenlenen, T&uuml;rkiye enerji g&uuml;c&uuml;n&uuml; &uuml;reten lider firmalar\u0131n en iyilerinin &ouml;d&uuml;llendirildi\u011fi, T&uuml;rkiye enerji sekt&ouml;r&uuml;n&uuml;n en &ouml;nemli &ouml;d&uuml;l t&ouml;reni olarak bilinen &ldquo;ICCI Enerji &Ouml;d&uuml;lleri&rdquo; T&ouml;reni&#39;nin sekizincisi i&ccedil;in sizde ba\u015fvurular\u0131n\u0131z\u0131 ger&ccedil;ekle\u015ftirin.<\/p>\n<p>25. Uluslararas\u0131 Enerji ve &Ccedil;evre Fuar\u0131 ve Konferans\u0131&#39;n\u0131n ilk g&uuml;n&uuml; ak\u015fam\u0131 Kat\u0131l\u0131mc\u0131 Gala Yeme\u011fi ile birlikte ger&ccedil;ekle\u015fen Enerji &Ouml;d&uuml;lleri T&ouml;reni ile ICCI 2019 bu sene May\u0131s&#39;\u0131n son haftas\u0131 Enerji Sekt&ouml;r&uuml;n&uuml; bir&ccedil;ok etkinlik ile \u0130stanbul&#39;da bir araya getirdi.<\/p>\n<p>T&uuml;rkiye&#39;de ve d&uuml;nyada en &ouml;nemli g&uuml;ndem maddelerinden biri haline d&ouml;n&uuml;\u015fen Enerji Sekt&ouml;r&uuml;ne verilen hizmetleri ve yap\u0131lan katk\u0131lar\u0131 desteklemek amac\u0131yla verilen ICCI Enerji &Ouml;d&uuml;lleri, ileri vadede yap\u0131lacak projeleri ve hizmetleri de te\u015fvik etme amac\u0131 ta\u015f\u0131yor.<\/p>\n<p>&Ouml;zellikle yenilenebilir enerji alan\u0131nda yap\u0131lan yat\u0131r\u0131mlar\u0131 desteklemek amac\u0131yla da verilen ICCI Enerji &Ouml;d&uuml;lleri&rsquo;nde,&nbsp;<strong>Yenilenebilir Enerji Santralleri Kategorisinde; R&uuml;zgar, Hidroelektrik, Jeotermal, Biyok&uuml;tle&nbsp;<\/strong>ve<strong>&nbsp;At\u0131k ile G&uuml;ne\u015f<\/strong>,&nbsp;<strong>Termik Santraller Alan\u0131nda<\/strong>&nbsp;ise,&nbsp;<strong>Do\u011falgaz, K&ouml;m&uuml;r<\/strong>&nbsp;ve&nbsp;<strong>At\u0131k Is\u0131<\/strong>&nbsp;projeleri yar\u0131\u015f\u0131rken, ge&ccedil;ti\u011fimiz y\u0131l ilk kez verilen &ouml;d&uuml;l kategorisi olan&nbsp;<strong>Ana Ekipman Tedarik&ccedil;isi Kategorisi<\/strong>&nbsp;ile&nbsp;<strong>Yenilenebilir Enerji Santralleri<\/strong>&nbsp;ve&nbsp;<strong>Termik Enerji Santralleri<\/strong>&nbsp;Kategorisinde &ouml;d&uuml;l alan&nbsp;<strong>Santrallerin Ana Ekipmanc\u0131lar\u0131<\/strong>&nbsp;&ouml;d&uuml;llendirilecek.<\/p>\n<p>Ba\u015fvurular enerji &ouml;d&uuml;lleri j&uuml;ri &uuml;yeleri taraf\u0131ndan &ouml;l&ccedil;&uuml;lebilir kriterlere verilecek puanlama sistemi ile de\u011ferlendirilip, her kategoride en y&uuml;ksek puan\u0131 alan ba\u015fvuruya &ouml;d&uuml;l verildi. 28 May\u0131s 2019 tarihinde d&uuml;zenlenen t&ouml;rene, T.C. Enerji ve Tabii Kaynaklar Bakanl\u0131\u011f\u0131 ve EPDK yetkilileri ve kamu &uuml;st d&uuml;zey &ccedil;al\u0131\u015fanlar\u0131 ile &ccedil;ok say\u0131da akademik ve sivil toplum kurulu\u015flar\u0131n\u0131n temsilcilerinin ve enerji sekt&ouml;r&uuml;n&uuml;n &ouml;nde gelen profesyonelleri kat\u0131ld\u0131.<\/p>\n<p><img decoding=\"async\" alt=\"\" src=\"https:\/\/cdnelektrikport.4flyy.com\/\/Content\/\/201905\/icci-konferans.jpg\" style=\"width: 100%; height: 100%;\" \/><\/span><\/span><\/div>\n<div style=\"color: rgb(34, 34, 34); font-family: Arial, Verdana, sans-serif; font-size: 12px; text-align: justify;\">&nbsp;<\/div>\n<h2 style=\"color: rgb(34, 34, 34); font-family: Arial, Verdana, sans-serif; text-align: justify;\"><span class=\"ez-toc-section\" id=\"Bilgi_alisverisi_ve_deneyim_paylasimi_icin_mukemmel_firsat\"><\/span><span style=\"font-size:16px;\"><span style=\"font-family:trebuchet ms,helvetica,sans-serif;\"><em><span style=\"font-size:20px;\"><strong>Bilgi al\u0131\u015fveri\u015fi ve deneyim payla\u015f\u0131m\u0131 i&ccedil;in m&uuml;kemmel f\u0131rsat<\/strong><\/span><\/em><\/span><\/span><span class=\"ez-toc-section-end\"><\/span><\/h2>\n<div style=\"color: rgb(34, 34, 34); font-family: Arial, Verdana, sans-serif; font-size: 12px; text-align: justify;\"><span style=\"font-size:16px;\"><span style=\"font-family:trebuchet ms,helvetica,sans-serif;\">\u0130kili \u0130\u015f G&ouml;r&uuml;\u015fmelerine kay\u0131t olan fuar kat\u0131l\u0131mc\u0131lar\u0131m\u0131z ve ziyaret&ccedil;ilerimiz, t&uuml;m d&uuml;nyadan kay\u0131t yapt\u0131ran kat\u0131l\u0131mc\u0131larla bir araya gelme f\u0131rsat\u0131 bulacaklard\u0131r. Bu &ouml;zel hizmet ile birlikte, ula\u015fmak istedi\u011finiz firmalar ile &ouml;nceden olu\u015fturulmu\u015f toplant\u0131lar sayesinde do\u011fru ba\u011flant\u0131lar\u0131 kurma \u015fans\u0131n\u0131z olacakt\u0131r.<\/span><\/span><\/div>\n<div style=\"color: rgb(34, 34, 34); font-family: Arial, Verdana, sans-serif; font-size: 12px; text-align: justify;\">&nbsp;<\/div>\n<div style=\"color: rgb(34, 34, 34); font-family: Arial, Verdana, sans-serif; font-size: 12px; text-align: justify;\"><span style=\"font-size:16px;\"><span style=\"font-family:trebuchet ms,helvetica,sans-serif;\"><img decoding=\"async\" alt=\"\" src=\"https:\/\/cdnelektrikport.4flyy.com\/\/Content\/\/201905\/B2B%20%C4%B0kili%20%C4%B0%C5%9F%20G%C3%B6r%C3%BC%C5%9Fmeleri.jpg\" style=\"width: 100%; height: 100%;\" \/><\/span><\/span><\/div>\n<div style=\"color: rgb(34, 34, 34); font-family: Arial, Verdana, sans-serif; font-size: 12px; text-align: justify;\">&nbsp;<\/div>\n<p style=\"color: rgb(34, 34, 34); font-family: Arial, Verdana, sans-serif; text-align: justify;\"><strong><span style=\"font-size:22px;\"><span style=\"font-family:trebuchet ms,helvetica,sans-serif;\"><span style=\"color: rgb(178, 34, 34);\">ICCI 2019 KONFERANS KONU BA\u015eLIKLARI:<\/span><\/span><\/span><\/strong><\/p>\n<h2 style=\"color: rgb(34, 34, 34); font-family: Arial, Verdana, sans-serif; text-align: justify;\"><span class=\"ez-toc-section\" id=\"Elektrik_Uretiminde_Yeni_Trendler\"><\/span><span style=\"font-size:16px;\"><span style=\"font-family:trebuchet ms,helvetica,sans-serif;\"><strong><span style=\"color: rgb(255, 0, 0);\">Elektrik &Uuml;retiminde Yeni Trendler<\/span><\/strong><\/span><\/span><span class=\"ez-toc-section-end\"><\/span><\/h2>\n<div style=\"color: rgb(34, 34, 34); font-family: Arial, Verdana, sans-serif; font-size: 12px; text-align: justify;\"><span style=\"font-size:16px;\"><span style=\"font-family:trebuchet ms,helvetica,sans-serif;\">Gaz T&uuml;rbinleri ve Motorlar<br \/>\nAt\u0131ktan Enerji B&uuml;y&uuml;k \u015fehirler i&ccedil;in pratik bir &ccedil;&ouml;z&uuml;mler<br \/>\nBiyok&uuml;tle Gazla\u015ft\u0131rma ve Yakma yakla\u015f\u0131mlar\u0131<br \/>\nPC ve CFB Yanma Kazanlar\u0131<br \/>\nK&ouml;m&uuml;r &ndash; &Ccedil;evresel etkileri azaltmak i&ccedil;in Geli\u015fmi\u015f Teknolojiler<br \/>\nDo\u011fal Gaz: TANAP ve T&uuml;rk Ak\u0131m\u0131 ile yeni uluslararas\u0131 boru hatlar\u0131, depolama, LNG terminallerini artt\u0131rma, yeni bir pazar: Y&uuml;zen Depolama ve Gazla\u015ft\u0131rma &Uuml;niteleri (FSRU)<br \/>\nAt\u0131k \u0131s\u0131 kazanlar\u0131 ve santral yard\u0131mc\u0131 sistemleri<br \/>\nHidrolik Santraller ve Su depolama &ndash; Sistem Dengelemenin temeli<br \/>\nPompal\u0131 Depolama T&uuml;rkiye i&ccedil;in elveri\u015fli mi?<br \/>\nR&uuml;zgar ve G&uuml;ne\u015f &#8211; T&uuml;m D&uuml;nyada h\u0131zla artmakta.<br \/>\nR&uuml;zgar t&uuml;rbinlerinde yeni trendler &ndash; daha b&uuml;y&uuml;k &ouml;l&ccedil;ekli t&uuml;rbinler, geli\u015fmi\u015f kanat ve kule tasar\u0131mlar\u0131<br \/>\nR&uuml;zgar ve g&uuml;ne\u015f sistemleri i&ccedil;in T&uuml;rk ekipman &uuml;reticileri<br \/>\nG&uuml;ne\u015f &ndash; Verimlilik artarken maliyetler azal\u0131yor, ne zaman \u015febeke fiyatlar\u0131 ile ekonomik olacak?<br \/>\nEnerji Depolama Teknolojileri- k&uuml;&ccedil;&uuml;k ve b&uuml;y&uuml;k &ouml;l&ccedil;ekli depolama uygulamalar\u0131.<br \/>\nHibrid &Ccedil;&ouml;z&uuml;mler<br \/>\n&Uuml;retimde esnek i\u015fletme planlama.<br \/>\nN&uuml;kleer enerjinin Temel y&uuml;k santrali olarak gelece\u011fi<br \/>\nBatarya Teknolojileri<\/span><\/span><\/div>\n<h2 style=\"color: rgb(34, 34, 34); font-family: Arial, Verdana, sans-serif; text-align: justify;\"><span class=\"ez-toc-section\" id=\"Dijitalizasyon_Veri\"><\/span><span style=\"font-size:16px;\"><span style=\"font-family:trebuchet ms,helvetica,sans-serif;\"><strong><span style=\"color: rgb(255, 0, 0);\">Dijitalizasyon &amp; Veri<\/span><\/strong><\/span><\/span><span class=\"ez-toc-section-end\"><\/span><\/h2>\n<div style=\"color: rgb(34, 34, 34); font-family: Arial, Verdana, sans-serif; font-size: 12px; text-align: justify;\"><span style=\"font-size:16px;\"><span style=\"font-family:trebuchet ms,helvetica,sans-serif;\">Yapay Zeka (AI)<br \/>\nSiber G&uuml;venlik<br \/>\n\u015eebeke Y&ouml;netimi<br \/>\nOtomasyon &Ccedil;&ouml;z&uuml;mleri<br \/>\nTesislerin say\u0131sal ortama ge&ccedil;i\u015fi, Otomasyonu &amp; Kontrolleri<br \/>\nGer&ccedil;ek Zamanl\u0131 Veri Teknolojileri ve Analizleri<\/span><\/span><\/div>\n<h2 style=\"color: rgb(34, 34, 34); font-family: Arial, Verdana, sans-serif; text-align: justify;\"><span class=\"ez-toc-section\" id=\"Yerinde_Dagitik_Elektrik_Uretim_Kaynaklari\"><\/span><span style=\"font-size:16px;\"><span style=\"font-family:trebuchet ms,helvetica,sans-serif;\"><strong><span style=\"color: rgb(255, 0, 0);\">Yerinde (Da\u011f\u0131t\u0131k) Elektrik &Uuml;retim Kaynaklar\u0131<\/span><\/strong><\/span><\/span><span class=\"ez-toc-section-end\"><\/span><\/h2>\n<div style=\"color: rgb(34, 34, 34); font-family: Arial, Verdana, sans-serif; font-size: 12px; text-align: justify;\"><span style=\"font-size:16px;\"><span style=\"font-family:trebuchet ms,helvetica,sans-serif;\">Da\u011f\u0131t\u0131lan Enerji Kaynaklar\u0131 Y&ouml;netim Sistemleri (DERMS)<br \/>\nElektrikli Ta\u015f\u0131tlar (ET): \u015earj Altyap\u0131s\u0131 ve enerji depolama imkanlar\u0131<br \/>\nElektrik &Uuml;reticileri ve Da\u011f\u0131t\u0131c\u0131lar\u0131n\u0131n Ak\u0131ll\u0131 Kentlerdeki Rol&uuml;<br \/>\nEvlerde ve Ticari i\u015fletmelerde Enerji Depolama<br \/>\nIs\u0131tma, So\u011futma ve Kojenerasyon sistemlerinin Entegrasyonu<br \/>\nK&uuml;&ccedil;&uuml;k &ouml;l&ccedil;ekli Yenilenebilir sistemler: Teknolojiler, Proje geli\u015ftirme, \u015eebeke Entegrasyonu<br \/>\n&Ccedil;at\u0131 Tipi G&uuml;ne\u015f Enerjisi Uygulamalar\u0131<\/span><\/span><\/div>\n<h2 style=\"color: rgb(34, 34, 34); font-family: Arial, Verdana, sans-serif; text-align: justify;\"><span class=\"ez-toc-section\" id=\"Cevresel_Konular\"><\/span><span style=\"font-size:16px;\"><span style=\"font-family:trebuchet ms,helvetica,sans-serif;\"><strong><span style=\"color: rgb(255, 0, 0);\">&Ccedil;evresel Konular<\/span><\/strong><\/span><\/span><span class=\"ez-toc-section-end\"><\/span><\/h2>\n<div style=\"color: rgb(34, 34, 34); font-family: Arial, Verdana, sans-serif; font-size: 12px; text-align: justify;\"><span style=\"font-size:16px;\"><span style=\"font-family:trebuchet ms,helvetica,sans-serif;\">NOx, SOx ve partik&uuml;l emisyonlar\u0131: Kontrol Stratejileri ve Teknolojileri<br \/>\nSu Kullan\u0131m\u0131n\u0131 Azaltmaya Y&ouml;nelik Stratejiler ve Teknolojiler<br \/>\nArtan yenilenebilir teknolojilerin &ccedil;evre ile uyumu<br \/>\nHava &amp; \u0130klim Konular\u0131<\/span><\/span><\/div>\n<h2 style=\"color: rgb(34, 34, 34); font-family: Arial, Verdana, sans-serif; text-align: justify;\"><span class=\"ez-toc-section\" id=\"Varlik_Yonetimi_ve_Optimizasyonu\"><\/span><span style=\"font-size:16px;\"><span style=\"font-family:trebuchet ms,helvetica,sans-serif;\"><strong><span style=\"color: rgb(255, 0, 0);\">Varl\u0131k Y&ouml;netimi ve Optimizasyonu<\/span><\/strong><\/span><\/span><span class=\"ez-toc-section-end\"><\/span><\/h2>\n<div style=\"color: rgb(34, 34, 34); font-family: Arial, Verdana, sans-serif; font-size: 12px; text-align: justify;\"><span style=\"font-size:16px;\"><span style=\"font-family:trebuchet ms,helvetica,sans-serif;\">Varl\u0131k Optimizasyonu ve yeni proje geli\u015ftirme<br \/>\nVarl\u0131k Y&ouml;netimi, \u0130yi planlanm\u0131\u015f Bak\u0131m programlar\u0131<br \/>\nVeri tabanl\u0131 Bak\u0131m-Onar\u0131m (O&amp;M) Stratejileri<br \/>\nDevreden &Ccedil;\u0131karma, yer de\u011fi\u015ftirme ve ba\u015fka bir amaca d&ouml;n&uuml;\u015ft&uuml;rme<br \/>\nVarl\u0131klar\u0131n Dijitalle\u015ftirilmesi (\u015eebekeler, Konvansiyonel veya Yenilenebilir santrallar)<br \/>\n\u015eebeke Mimarisinin g&uuml;&ccedil;lendirilmesi ve takviye edilmesi<br \/>\n&Ouml;mr&uuml; Uzatma ve Yenileme<br \/>\nAfet Planlamas\u0131<br \/>\n\u0130\u015fg&uuml;c&uuml; Y&ouml;netimi ve Optimizasyonu<\/span><\/span><\/div>\n<h2 style=\"color: rgb(34, 34, 34); font-family: Arial, Verdana, sans-serif; text-align: justify;\"><span class=\"ez-toc-section\" id=\"Musteri_Stratejileri_Teknolojiler_ve_Gelismis_Olcum_Altyapisi\"><\/span><span style=\"font-size:16px;\"><span style=\"font-family:trebuchet ms,helvetica,sans-serif;\"><strong><span style=\"color: rgb(255, 0, 0);\">M&uuml;\u015fteri Stratejileri, Teknolojiler ve Geli\u015fmi\u015f &Ouml;l&ccedil;&uuml;m Altyap\u0131s\u0131<\/span><\/strong><\/span><\/span><span class=\"ez-toc-section-end\"><\/span><\/h2>\n<div style=\"color: rgb(34, 34, 34); font-family: Arial, Verdana, sans-serif; font-size: 12px; text-align: justify;\"><span style=\"font-size:16px;\"><span style=\"font-family:trebuchet ms,helvetica,sans-serif;\">Sayac\u0131n Arkas\u0131ndaki Stratejiler<br \/>\nEnerji Y&ouml;netimi<br \/>\nT&uuml;ketici kat\u0131l\u0131m\u0131 ve Y&ouml;netimi Enerji Verimlili\u011fi Programlar\u0131<br \/>\nNesnelerin \u0130nterneti<br \/>\n&Uuml;r&uuml;nler ve Enerji Hizmetleri<br \/>\nProfesyonel T&uuml;keticiler<br \/>\nAk\u0131ll\u0131 Binalar ve Ak\u0131ll\u0131 \u015eehirler<br \/>\nT&uuml;rkiye&rsquo;deki T&uuml;ketici Tarifelerini Anlama ve Serbest Piyasa&rsquo;dan elektrik al\u0131m\u0131<br \/>\nGeli\u015fmi\u015f M&uuml;\u015fteri hizmetleri, Fatura ve &Ouml;deme Sistemleri<\/span><\/span><\/div>\n<h2 style=\"color: rgb(34, 34, 34); font-family: Arial, Verdana, sans-serif; text-align: justify;\"><span class=\"ez-toc-section\" id=\"Akilli_Sebeke_Akilli_Altyapi\"><\/span><span style=\"font-size:16px;\"><span style=\"font-family:trebuchet ms,helvetica,sans-serif;\"><strong><span style=\"color: rgb(255, 0, 0);\">Ak\u0131ll\u0131 \u015eebeke &amp; Ak\u0131ll\u0131 Altyap\u0131<\/span><\/strong><\/span><\/span><span class=\"ez-toc-section-end\"><\/span><\/h2>\n<div style=\"color: rgb(34, 34, 34); font-family: Arial, Verdana, sans-serif; font-size: 12px; text-align: justify;\"><span style=\"font-size:16px;\"><span style=\"font-family:trebuchet ms,helvetica,sans-serif;\">Geli\u015fmi\u015f Da\u011f\u0131t\u0131m Y&ouml;netimi Sistemleri<br \/>\n\u0130leti\u015fim ve A\u011f Teknolojileri<br \/>\nEnerji Depolama ve \u015eebeke<br \/>\n\u015eebeke Planlama Stratejileri &ndash; Ger&ccedil;ek Ya\u015fam &Ouml;rnekleri<br \/>\nTedarik G&uuml;venli\u011finde \u015eebekenin Rol&uuml;<br \/>\nHV Altyap\u0131s\u0131 ve Ba\u011flant\u0131 Sistemleri<br \/>\nMerkezi ve Merkezi Olmayan Enerjinin \u015eebekeye Entegrasyonu<br \/>\nYe\u015fil \u015eebeke \u0130\u015fletimi<\/span><\/span><\/div>\n<h2 style=\"color: rgb(34, 34, 34); font-family: Arial, Verdana, sans-serif; text-align: justify;\"><span class=\"ez-toc-section\" id=\"Turkiye_Enerji_Stratejileri\"><\/span><span style=\"font-size:16px;\"><span style=\"font-family:trebuchet ms,helvetica,sans-serif;\"><strong><span style=\"color: rgb(255, 0, 0);\">T&uuml;rkiye Enerji Stratejileri<\/span><\/strong><\/span><\/span><span class=\"ez-toc-section-end\"><\/span><\/h2>\n<div style=\"color: rgb(34, 34, 34); font-family: Arial, Verdana, sans-serif; font-size: 12px; text-align: justify;\"><span style=\"font-size:16px;\"><span style=\"font-family:trebuchet ms,helvetica,sans-serif;\">Politika ve D&uuml;zenleyici Konular (2030 \u0130klim &amp; Enerji &Ccedil;er&ccedil;evesi, 2050 Enerji Yol Haritas\u0131)<br \/>\nParis Anla\u015fmas\u0131 (COP21)<br \/>\nYenilenebilir Enerjinin Geli\u015fimine Y&ouml;nelik Tarifeler ve Te\u015fvikler (2020&rsquo;nin &ouml;tesindeki d&uuml;zenlemeler &#8211; YEKDEM)<br \/>\nKapasite Piyasalar\u0131 ve di\u011fer Mekanizmalar<br \/>\n\u0130kili (Hibrid) santrallar i&ccedil;in d&uuml;zenlemeler<br \/>\nLisanss\u0131z Elektrik Santrallerinin Gelece\u011fi &ndash; i\u015fletimin 10. y\u0131l\u0131ndan sonra ne olacak?<br \/>\nAltyap\u0131 Yat\u0131r\u0131mlar\u0131n\u0131n Finansman\u0131: Yerel finans kaynaklar\u0131 ne kadar g&uuml;&ccedil;l&uuml;?<br \/>\nBirle\u015fmeler ve sat\u0131n alma faaliyetleri<br \/>\nOptimize Enerji &Uuml;retimi<br \/>\nSekt&ouml;rde yatay ve dikey e\u015fle\u015fme<br \/>\nBorsa \u0130stanbul&rsquo;a Hisse a&ccedil;\u0131lmas\u0131<br \/>\nYerli santral ekipman\u0131 &uuml;retimi: Ger&ccedil;ekle\u015fen R&uuml;zgar ve g&uuml;ne\u015f ihaleleri sonucunda hangi &uuml;retim teknolojilerin yerlile\u015fmesi beklenmektedir. Yerli &uuml;retimi y&ouml;nlendirecek yeni ihaleler nelerdir?<br \/>\nEnerji Sekt&ouml;r&uuml;nde Kad\u0131n \u0130stihdam\u0131<\/span><\/span><\/div>\n<h2 style=\"color: rgb(34, 34, 34); font-family: Arial, Verdana, sans-serif; text-align: justify;\"><span class=\"ez-toc-section\" id=\"ICCI_Hakkinda\"><\/span><strong><span style=\"font-size:16px;\"><span style=\"font-family:trebuchet ms,helvetica,sans-serif;\"><span style=\"color: rgb(255, 0, 0);\">ICCI Hakk\u0131nda:<\/span><\/span><\/span><\/strong><span class=\"ez-toc-section-end\"><\/span><\/h2>\n<div style=\"color: rgb(34, 34, 34); font-family: Arial, Verdana, sans-serif; font-size: 12px; text-align: justify;\"><span style=\"font-size:16px;\"><span style=\"font-family:trebuchet ms,helvetica,sans-serif;\">Bu y\u0131l 25&rsquo;.si d&uuml;zenlenecek olan ve enerji sekt&ouml;r&uuml;nde konuyla ilgili 14 bin yerli ve yabanc\u0131 ziyaret&ccedil;i taraf\u0131ndan d&uuml;zenli olarak takip edilen ICCI, &ldquo;Enerjide D&ouml;n&uuml;\u015f&uuml;m ve De\u011fi\u015fim&rdquo; temas\u0131yla 28-30 May\u0131s 2019 tarihlerinde \u0130stanbul Fuar Merkezi&#39;nde ger&ccedil;ekle\u015ftirilecek. Fuar, Konferans ve \u0130kili \u0130\u015f G&ouml;r&uuml;\u015fmeleri ile enerji sekt&ouml;r&uuml;n&uuml;n en &ouml;nemli bulu\u015fma noktalar\u0131ndan biri olan ICCI, 2018 fuar\u0131 kapsam\u0131nda b&uuml;nyesine katt\u0131\u011f\u0131 ve ba\u015far\u0131yla ger&ccedil;ekle\u015ftirdi\u011fi Diplomatik Alan, Generation X Program\u0131 ve Start-Up etkinliklerine 2019 y\u0131l\u0131ndaki fuarda da yer verecek. &Ccedil;at\u0131 &uuml;st&uuml; panel uygulamas\u0131 sayesinde kendi elektri\u011fini &uuml;reten, &uuml;retti\u011fi noktada t&uuml;keten ve ayr\u0131ca depolayabilen ev modeli ile ProsumerX alan\u0131 da, fuar ziyaret&ccedil;ilerine gelece\u011fin enerji sistemi i\u015fleyi\u015fini g&ouml;rme imkan\u0131n\u0131 sa\u011flayacak.<\/p>\n<p>\n<strong>Kaynak:<\/strong><\/p>\n<p><a href=\"http:\/\/www.icci.com.tr\/tr\" target=\"_blank\" rel=\"noopener\"><img decoding=\"async\" alt=\"\" src=\"https:\/\/cdnelektrikport.4flyy.com\/\/Content\/\/201905\/ICCI_Logo.jpg\" style=\"width: 300px; height: 136px;\" \/><\/a><\/span><\/span><\/div>","protected":false},"excerpt":{"rendered":"<p>Bu y\u0131l ele alaca\u011f\u0131 d\u00f6n\u00fc\u015f\u00fcm, dijitalle\u015fme ve de\u011fi\u015fim konular\u0131yla enerji sekt\u00f6r\u00fcne bir kez daha y\u00f6n verecek olan ICCI Uluslararas\u0131 Enerji ve \u00c7evre Fuar\u0131 ve Konferans\u0131, 28 May\u0131s\u2019ta kap\u0131lar\u0131n\u0131 25. kez ziyaret\u00e7ilerine a\u00e7acak.<\/p>","protected":false},"author":1,"featured_media":0,"comment_status":"open","ping_status":"open","sticky":false,"template":"","format":"standard","meta":{"_acf_changed":false,"pmpro_default_level":"","footnotes":""},"categories":[1],"tags":[],"coauthors":[],"class_list":["post-1450","post","type-post","status-publish","format-standard","hentry","category-uncategorized","pmpro-has-access"],"acf":[],"_links":{"self":[{"href":"https:\/\/endustri40.com\/en\/wp-json\/wp\/v2\/posts\/1450","targetHints":{"allow":["GET"]}}],"collection":[{"href":"https:\/\/endustri40.com\/en\/wp-json\/wp\/v2\/posts"}],"about":[{"href":"https:\/\/endustri40.com\/en\/wp-json\/wp\/v2\/types\/post"}],"author":[{"embeddable":true,"href":"https:\/\/endustri40.com\/en\/wp-json\/wp\/v2\/users\/1"}],"replies":[{"embeddable":true,"href":"https:\/\/endustri40.com\/en\/wp-json\/wp\/v2\/comments?post=1450"}],"version-history":[{"count":0,"href":"https:\/\/endustri40.com\/en\/wp-json\/wp\/v2\/posts\/1450\/revisions"}],"wp:attachment":[{"href":"https:\/\/endustri40.com\/en\/wp-json\/wp\/v2\/media?parent=1450"}],"wp:term":[{"taxonomy":"category","embeddable":true,"href":"https:\/\/endustri40.com\/en\/wp-json\/wp\/v2\/categories?post=1450"},{"taxonomy":"post_tag","embeddable":true,"href":"https:\/\/endustri40.com\/en\/wp-json\/wp\/v2\/tags?post=1450"},{"taxonomy":"author","embeddable":true,"href":"https:\/\/endustri40.com\/en\/wp-json\/wp\/v2\/coauthors?post=1450"}],"curies":[{"name":"wp","href":"https:\/\/api.w.org\/{rel}","templated":true}]}}