{"id":1425,"date":"2025-02-02T13:43:44","date_gmt":"2025-02-02T13:43:44","guid":{"rendered":"https:\/\/endustri40.bktechin.com\/2025\/02\/02\/gelecegin-surdurulebilirlik-liderleri-bulusmasi\/"},"modified":"2025-02-02T13:43:44","modified_gmt":"2025-02-02T13:43:44","slug":"gelecegin-surdurulebilirlik-liderleri-bulusmasi","status":"publish","type":"post","link":"https:\/\/endustri40.com\/en\/gelecegin-surdurulebilirlik-liderleri-bulusmasi\/","title":{"rendered":"Gelece\u011fin S\u00fcrd\u00fcr\u00fclebilirlik Liderleri Bulu\u015fmas\u0131"},"content":{"rendered":"<p style=\"text-align: justify;\"><img decoding=\"async\" alt=\"\" src=\"https:\/\/cdnen4.yasaminritmi.com\/image\/ba03d9a773ee485baf2f72da4aec82d7\/gelecegin-surdurulebilrilik-liderleri-bulusmalari-cevreci-etkinlikler.jpg\" style=\"opacity: 0.9; line-height: 20.8px; height: 221px; width: 600px;\" \/><\/p>\n<p style=\"text-align: center;\">&nbsp;<\/p>\n<p style=\"text-align: center;\"><span style=\"font-size:18px;\"><strong style=\"line-height: 1.6em;\">&Uuml;niversiteli gen&ccedil;ler yeni sanayi ak\u0131m\u0131 &ldquo;End&uuml;stri 4.0&rdquo;\u0131 tart\u0131\u015f\u0131yor<\/strong><\/span><\/p>\n<p style=\"text-align: justify;\">&nbsp;<\/p>\n<p style=\"text-align: justify;\"><strong style=\"line-height: 1.6em;\">Akk&ouml;k Holding&rsquo;in sponsorlu\u011funda, T&uuml;rkiye&#39;nin ilk ve tek &ccedil;evre etkinlikleri platformu olan &Ccedil;evreci Etkinlikler&rsquo;in d&uuml;zenledi\u011fi &ldquo;Gelece\u011fin S&uuml;rd&uuml;r&uuml;lebilirlik Liderleri&rdquo; bulu\u015fmalar\u0131n\u0131n d&ouml;rd&uuml;nc&uuml;s&uuml;,<\/strong><span style=\"line-height: 1.6em;\"> <\/span><strong style=\"line-height: 1.6em;\">T&uuml;rk sanayisi i&ccedil;in verimlilik, inovasyon, katma de\u011fer ve s&uuml;rd&uuml;r&uuml;lebilirlik alanlar\u0131nda &ouml;nemli f\u0131rsatlar sunabilecek d&ouml;rd&uuml;nc&uuml; sanayi devrimine dikkat &ccedil;ekiyor. 20 \u015eubat 2016 Cumartesi g&uuml;n&uuml; Tasar\u0131m At&ouml;lyesi Kad\u0131k&ouml;y&rsquo;de saat 13.30&rsquo;da ger&ccedil;ekle\u015fecek bulu\u015fmaya kat\u0131lmak i&ccedil;in, 17 \u015eubat &Ccedil;ar\u015famba ak\u015fam\u0131na kadar <\/strong><a href=\"http:\/\/bit.ly\/GeleceginSLB4\" style=\"line-height: 1.6em;\" target=\"_blank\" rel=\"noopener\">http:\/\/bit.ly\/GeleceginSLB4<\/a><span style=\"line-height: 1.6em;\"> <\/span><strong style=\"line-height: 1.6em;\">linkindeki kay\u0131t formunun doldurulmas\u0131 gerekiyor.<\/strong><\/p>\n<p style=\"text-align: justify;\"><span style=\"line-height: 1.6em;\"><strong>Akk&ouml;k Holding<\/strong>&rsquo;in sponsorlu\u011funda, <strong>T&uuml;rkiye&#39;nin ilk ve tek &ccedil;evre etkinlikleri platformu<\/strong> olan <strong>&Ccedil;evreci Etkinlikler<\/strong> taraf\u0131ndan d&uuml;zenlenen &ldquo;<strong>D&ouml;rd&uuml;nc&uuml; Sanayi Devrimi, End&uuml;stri 4.0 ve S&uuml;rd&uuml;r&uuml;lebilirlik<\/strong>&rdquo; ba\u015fl\u0131kl\u0131 &ldquo;Gelece\u011fin S&uuml;rd&uuml;r&uuml;lebilirlik Liderleri&rdquo; bulu\u015fmas\u0131 &Ccedil;evreci Etkinlikler Kurucusu Emrah Kurum&rsquo;nun moderat&ouml;rl&uuml;\u011f&uuml;nde ve <strong>Siemens \u0130cra Kurul &Uuml;yesi, Genel M&uuml;d&uuml;r Yard\u0131mc\u0131s\u0131 ve Dijital Fabrika Divizyon Direkt&ouml;r&uuml; Ali R\u0131za Ersoy<\/strong>&rsquo;un kat\u0131l\u0131m\u0131yla ger&ccedil;ekle\u015ftirilecek. 35 ki\u015filik kontenjan ile s\u0131n\u0131rl\u0131 olan bulu\u015fmaya, s&uuml;rd&uuml;r&uuml;lebilirlik konusuna ilgi duyan ve harekete ge&ccedil;mek isteyen t&uuml;m &uuml;niversite &ouml;\u011frencileri ile gen&ccedil;ler &uuml;cretsiz olarak kat\u0131labilecek.<\/span><\/p>\n<p style=\"text-align: justify;\"><span style=\"line-height: 1.6em;\">2013 y\u0131l\u0131ndan bu yana birey, &ouml;\u011frenci ve i\u015f d&uuml;nyas\u0131 aras\u0131ndaki k&ouml;pr&uuml;leri g&uuml;&ccedil;lendirmek amac\u0131yla projeler hayata ge&ccedil;iren &Ccedil;evreci Etkinlikler, &ldquo;<strong>Gelece\u011fin S&uuml;rd&uuml;r&uuml;lebilirlik Liderler<\/strong>i&rdquo; bulu\u015fmalar\u0131 ile &uuml;niversite &ouml;\u011frencilerini ve gen&ccedil;leri i\u015f d&uuml;nyas\u0131ndan ve sivil toplumdan uzmanlarla bir araya getirerek, s&uuml;rd&uuml;r&uuml;lebilirlik temeline dayanan i\u015fleri gen&ccedil;ler nezdinde yayg\u0131nla\u015ft\u0131rmay\u0131 hedefliyor.<\/span><\/p>\n<p style=\"text-align: justify;\"><span style=\"line-height: 1.6em;\">Haziran 2016&rsquo;ya kadar her ay bir kez, cumartesi g&uuml;nleri ger&ccedil;ekle\u015ftirilecek etkinlikler, toplamda 8 bulu\u015fmadan olu\u015fuyor. Bulu\u015fmalar\u0131n sonuncusu bir kapan\u0131\u015f etkinli\u011fi olarak, daha &ouml;nce at&ouml;lyelere kat\u0131lm\u0131\u015f gen&ccedil;lere a&ccedil;\u0131k olacak. Bulu\u015fmalardan sonra &ouml;\u011frencilere Kat\u0131l\u0131m Sertifikas\u0131 verilecek.<\/span><\/p>\n<p style=\"text-align: justify;\"><span style=\"line-height: 1.6em;\">&ldquo;Gelece\u011fin S&uuml;rd&uuml;r&uuml;lebilirlik Liderleri&rdquo; bulu\u015fmalar\u0131nda, 14 Kas\u0131m&rsquo;da ger&ccedil;ekle\u015fen ilk e\u011fitimde &ldquo;Gen&ccedil;ler ve S&uuml;rd&uuml;r&uuml;lebilirlik&rdquo; konusu i\u015flenmi\u015fti. 28 Kas\u0131m&rsquo;daki ikinci bulu\u015fmada &ldquo;S&uuml;rd&uuml;r&uuml;lebilirlikte Sistem Tasar\u0131m\u0131&rdquo;, 26 Aral\u0131k&rsquo;daki &uuml;&ccedil;&uuml;nc&uuml; bulu\u015fmada ise Ulusal-Uluslararas\u0131 Fonlara Eri\u015fim ve &Uuml;niversite-Sanayi \u0130\u015fbirli\u011fi konusuna yer verildi. Bundan sonraki bulu\u015fmalarda, &ldquo;Tedarik Zinciri S&uuml;rd&uuml;r&uuml;lebilirli\u011fi&rdquo;, &ldquo;S&uuml;rd&uuml;r&uuml;lebilirlik Raporlamas\u0131 ve \u0130\u015f D&uuml;nyas\u0131ndaki Uygulamalar&rdquo; ve S&uuml;rd&uuml;r&uuml;lebilirlik \u0130leti\u015fimi&rdquo; gibi konular i\u015flenecek.&nbsp;<\/span><\/p>","protected":false},"excerpt":{"rendered":"<p>Ger\u00e7ekle\u015ftirilecek ilk interaktif bulu\u015fman\u0131n konusu \u201cS\u00fcrd\u00fcr\u00fclebilirlik ve Gen\u00e7ler\u201d<\/p>","protected":false},"author":1,"featured_media":0,"comment_status":"open","ping_status":"open","sticky":false,"template":"","format":"standard","meta":{"_acf_changed":false,"pmpro_default_level":"","footnotes":""},"categories":[1],"tags":[],"coauthors":[],"class_list":["post-1425","post","type-post","status-publish","format-standard","hentry","category-uncategorized","pmpro-has-access"],"acf":[],"_links":{"self":[{"href":"https:\/\/endustri40.com\/en\/wp-json\/wp\/v2\/posts\/1425","targetHints":{"allow":["GET"]}}],"collection":[{"href":"https:\/\/endustri40.com\/en\/wp-json\/wp\/v2\/posts"}],"about":[{"href":"https:\/\/endustri40.com\/en\/wp-json\/wp\/v2\/types\/post"}],"author":[{"embeddable":true,"href":"https:\/\/endustri40.com\/en\/wp-json\/wp\/v2\/users\/1"}],"replies":[{"embeddable":true,"href":"https:\/\/endustri40.com\/en\/wp-json\/wp\/v2\/comments?post=1425"}],"version-history":[{"count":0,"href":"https:\/\/endustri40.com\/en\/wp-json\/wp\/v2\/posts\/1425\/revisions"}],"wp:attachment":[{"href":"https:\/\/endustri40.com\/en\/wp-json\/wp\/v2\/media?parent=1425"}],"wp:term":[{"taxonomy":"category","embeddable":true,"href":"https:\/\/endustri40.com\/en\/wp-json\/wp\/v2\/categories?post=1425"},{"taxonomy":"post_tag","embeddable":true,"href":"https:\/\/endustri40.com\/en\/wp-json\/wp\/v2\/tags?post=1425"},{"taxonomy":"author","embeddable":true,"href":"https:\/\/endustri40.com\/en\/wp-json\/wp\/v2\/coauthors?post=1425"}],"curies":[{"name":"wp","href":"https:\/\/api.w.org\/{rel}","templated":true}]}}