{"id":1342,"date":"2025-02-02T13:43:42","date_gmt":"2025-02-02T13:43:42","guid":{"rendered":"https:\/\/endustri40.bktechin.com\/2025\/02\/02\/endustri-4-0-konferansi\/"},"modified":"2025-02-02T13:43:42","modified_gmt":"2025-02-02T13:43:42","slug":"endustri-4-0-konferansi","status":"publish","type":"post","link":"https:\/\/endustri40.com\/en\/endustri-4-0-konferansi\/","title":{"rendered":"End\u00fcstri 4.0 Konferans\u0131"},"content":{"rendered":"<p style=\"text-align: justify;\"><span style=\"font-family:trebuchet ms,helvetica,sans-serif;\"><span style=\"font-size:16px;\"><em><strong>Etkinlik \u0130smi:<\/strong><\/em> End&uuml;stri 4.0 Konferans\u0131<\/span><\/span><\/p>\n<p style=\"text-align: justify;\"><span style=\"font-family:trebuchet ms,helvetica,sans-serif;\"><span style=\"font-size:16px;\">Erdemir Grubu taraf\u0131ndan d&uuml;zenlenen End&uuml;stri 4.0 Konferans\u0131nda&nbsp;Siemens \u0130cra Kurulu &Uuml;yesi Ali R\u0131za Ersoy 05.10.2016 saat 16:00&rsquo;da &nbsp;&ldquo;End&uuml;stri 4.0&rdquo; konulu sunumu ger&ccedil;ekle\u015ftirecek.<\/span><\/span><\/p>\n<p style=\"text-align: justify;\"><span style=\"font-family:trebuchet ms,helvetica,sans-serif;\"><span style=\"font-size:16px;\"><strong><em>D&uuml;zenleyen:<\/em><\/strong> ERDEM\u0130R GRUBU<\/span><\/span><\/p>\n<p style=\"text-align: justify;\"><span style=\"font-family:trebuchet ms,helvetica,sans-serif;\"><span style=\"font-size:16px;\"><em><strong>Tarih:<\/strong><\/em> 05.10.2016<\/span><\/span><\/p>\n<p style=\"text-align: justify;\"><span style=\"font-family:trebuchet ms,helvetica,sans-serif;\"><span style=\"font-size:16px;\"><em><strong>Yer:<\/strong><\/em> \u0130SKENDERUN DEM\u0130R VE &Ccedil;EL\u0130K A.\u015e. \/ HATAY<\/span><\/span><\/p>\n<p style=\"text-align: justify;\">&nbsp;<\/p>\n<p style=\"text-align: center;\"><a href=\"https:\/\/cdnen4.yasaminritmi.com\/image\/d1d13c9f7696488c8e049e95f58171fd\/Endustri4_1.jpg\" target=\"_blank\" rel=\"noopener\"><img decoding=\"async\" alt=\"\" src=\"https:\/\/cdnen4.yasaminritmi.com\/image\/d1d13c9f7696488c8e049e95f58171fd\/Endustri4_1.jpg\" style=\"height: 726px; width: 500px;\" \/><\/a><\/p>","protected":false},"excerpt":{"rendered":"<p>Erdemir Grubu taraf\u0131ndan d\u00fczenlenen End\u00fcstri 4.0 Konferans\u0131nda Siemens \u0130cra Kurulu \u00dcyesi Ali R\u0131za Ersoy \u201cEnd\u00fcstri 4.0\u201d konulu sunumu ger\u00e7ekle\u015ftirecek.<\/p>","protected":false},"author":1,"featured_media":0,"comment_status":"open","ping_status":"open","sticky":false,"template":"","format":"standard","meta":{"_acf_changed":false,"pmpro_default_level":"","footnotes":""},"categories":[1],"tags":[],"coauthors":[],"class_list":["post-1342","post","type-post","status-publish","format-standard","hentry","category-uncategorized","pmpro-has-access"],"acf":[],"_links":{"self":[{"href":"https:\/\/endustri40.com\/en\/wp-json\/wp\/v2\/posts\/1342","targetHints":{"allow":["GET"]}}],"collection":[{"href":"https:\/\/endustri40.com\/en\/wp-json\/wp\/v2\/posts"}],"about":[{"href":"https:\/\/endustri40.com\/en\/wp-json\/wp\/v2\/types\/post"}],"author":[{"embeddable":true,"href":"https:\/\/endustri40.com\/en\/wp-json\/wp\/v2\/users\/1"}],"replies":[{"embeddable":true,"href":"https:\/\/endustri40.com\/en\/wp-json\/wp\/v2\/comments?post=1342"}],"version-history":[{"count":0,"href":"https:\/\/endustri40.com\/en\/wp-json\/wp\/v2\/posts\/1342\/revisions"}],"wp:attachment":[{"href":"https:\/\/endustri40.com\/en\/wp-json\/wp\/v2\/media?parent=1342"}],"wp:term":[{"taxonomy":"category","embeddable":true,"href":"https:\/\/endustri40.com\/en\/wp-json\/wp\/v2\/categories?post=1342"},{"taxonomy":"post_tag","embeddable":true,"href":"https:\/\/endustri40.com\/en\/wp-json\/wp\/v2\/tags?post=1342"},{"taxonomy":"author","embeddable":true,"href":"https:\/\/endustri40.com\/en\/wp-json\/wp\/v2\/coauthors?post=1342"}],"curies":[{"name":"wp","href":"https:\/\/api.w.org\/{rel}","templated":true}]}}