{"id":1324,"date":"2025-02-02T13:43:41","date_gmt":"2025-02-02T13:43:41","guid":{"rendered":"https:\/\/endustri40.bktechin.com\/2025\/02\/02\/emobility-surdurulebilir-bir-gelecege-giden-yolda\/"},"modified":"2025-02-02T13:43:41","modified_gmt":"2025-02-02T13:43:41","slug":"emobility-surdurulebilir-bir-gelecege-giden-yolda","status":"publish","type":"post","link":"https:\/\/endustri40.com\/en\/emobility-surdurulebilir-bir-gelecege-giden-yolda\/","title":{"rendered":"eMobility: S\u00fcrd\u00fcr\u00fclebilir Bir Gelece\u011fe Giden Yolda"},"content":{"rendered":"<p style=\"text-align: justify;\"><span style=\"font-size:16px;\"><span style=\"font-family:trebuchet ms,helvetica,sans-serif;\">Elektromobilite yani eMobilite, ara&ccedil; tasar\u0131m\u0131n\u0131 fosil yak\u0131tlar\u0131n ve karbon gaz\u0131 emisyonlar\u0131n\u0131n kullan\u0131m\u0131ndan uzakla\u015ft\u0131rmak i&ccedil;in tasarlanm\u0131\u015f elektrikle &ccedil;al\u0131\u015fan g&uuml;&ccedil; aktarma organlar\u0131n\u0131n geli\u015ftirilmesi i&ccedil;in genel bir terimdir. Elektromobilite<\/span><\/span><span style=\"font-family: &quot;trebuchet ms&quot;, helvetica, sans-serif; font-size: 16px;\">, tam elektrikli ara&ccedil;lar\u0131, hibrit elektrikli ara&ccedil;lar\u0131 ve hidrojen yak\u0131t h&uuml;cresi teknolojisini kullananlar\u0131 i&ccedil;erir. Bunlar\u0131n t&uuml;m&uuml;, gelecek i&ccedil;in elektronik g&uuml;d&uuml;ml&uuml; ara&ccedil;lar i&ccedil;in fikirleri temsil ediyor. Elektromobilite hakk\u0131ndaki tart\u0131\u015fmalar, bazen ara&ccedil;lar i&ccedil;in daha iyi enerji verimlili\u011fi i&ccedil;in &ccedil;al\u0131\u015fan mikrodenetleyiciler ve sens&ouml;rler gibi di\u011fer kavramlarla birle\u015ftirilebilir.<\/span><\/p>\n<p style=\"text-align: justify;\"><span style=\"font-size:16px;\"><span style=\"font-family:trebuchet ms,helvetica,sans-serif;\">Artan CO2 emisyonlar\u0131 ve gittik&ccedil;e az bulunan fosil yak\u0131t kaynaklar\u0131 kar\u015f\u0131s\u0131nda <a href=\"http:\/\/www.siemens.com.tr\/tr\" target=\"_blank\" rel=\"noopener\"><strong>elektromobilite<\/strong><\/a>, de\u011fi\u015fen toplumumuz i&ccedil;in entegre bir iklim, enerji ve mobilite stratejisi olu\u015fturmakta &ouml;nc&uuml;l&uuml;k ediyor. Global bir oyuncu olarak Siemens, mobil gelece\u011fin zorluklar\u0131n\u0131n &uuml;stesinden gelmek amac\u0131yla, end&uuml;striyel uygulamalara, trenlere veya maden kamyonlar\u0131na ek olarak, ticari ara&ccedil;lar\u0131, otob&uuml;sleri ve arabalar\u0131 da elektriklendiriyor. Hibrit ve elektrikli ta\u015f\u0131tlara y&ouml;nelik &ccedil;&ouml;z&uuml;mleri, d&uuml;nyan\u0131n d&ouml;rt bir yan\u0131ndaki otomobil &uuml;reticilerinin CO2 hedeflerine ula\u015fmalar\u0131na yard\u0131mc\u0131 oluyor. Elektrikli \u015fehir otob&uuml;sleri, \u015fehir trafi\u011fini daha sessiz, daha temiz ve operat&ouml;rler i&ccedil;in daha ucuz hale getiriyor.<\/span><\/span><\/p>\n<p style=\"text-align: justify;\"><span style=\"font-size:16px;\"><span style=\"font-family:trebuchet ms,helvetica,sans-serif;\">Siemens&rsquo;in hedefi, elektromobiliteyi b&uuml;t&uuml;nc&uuml;l kavramlar ve &ccedil;&ouml;z&uuml;mler ile daha da ileriye g&ouml;t&uuml;rmek ile beraber elektromobilitenin ak\u0131ll\u0131 ve s&uuml;rd&uuml;r&uuml;lebilir bir ya\u015fam tarz\u0131n\u0131n bir par&ccedil;as\u0131 haline gelmesini sa\u011flamak.<\/span><\/span><\/p>\n<p style=\"text-align: justify;\"><span style=\"color:#008080;\"><em><span style=\"font-size:18px;\"><span style=\"font-family:trebuchet ms,helvetica,sans-serif;\"><strong>\u0130nsanlar ve Hareketlilik<\/strong><\/span><\/span><\/em><\/span><\/p>\n<p style=\"text-align: justify;\"><span style=\"font-size:16px;\"><span style=\"font-family:trebuchet ms,helvetica,sans-serif;\">Hareketlilik, temel bir insani ihtiyac\u0131d\u0131r. K&uuml;reselle\u015fmi\u015f toplumumuzun tan\u0131mlay\u0131c\u0131 bir unsurunun yan\u0131 s\u0131ra &ouml;zg&uuml;rl&uuml;\u011f&uuml; ve ba\u011f\u0131ms\u0131zl\u0131\u011f\u0131 temsil eder. Sadece g&uuml;nl&uuml;k hayat\u0131m\u0131z hareketlilik gerektirmiyor, ayn\u0131 zamanda t&uuml;m ekonomik sistemin buna daha &ccedil;ok ihtiyac\u0131 var. Son iki y&uuml;zy\u0131l boyunca, s&uuml;rekli hareketlilik ve h\u0131z geli\u015fimi de beraberinde baz\u0131 sorunlara yol a&ccedil;t\u0131. Esas olarak, bunlardan biri iklim de\u011fi\u015fikli\u011fi. Bu &ccedil;er&ccedil;evede, ekonomik ve ekolojik hedefleri birle\u015ftiren verimli kavramlar &ccedil;a\u011fr\u0131s\u0131 giderek daha da g&uuml;&ccedil;leniyor.<\/span><\/span><\/p>\n<p style=\"text-align: justify;\"><span style=\"font-size:16px;\"><span style=\"font-family:trebuchet ms,helvetica,sans-serif;\"><strong><a href=\"http:\/\/www.siemens.com.tr\/tr\" target=\"_blank\" rel=\"noopener\">Siemens&rsquo;in<\/a><\/strong> y\u0131llar\u0131n uzmanl\u0131\u011f\u0131na ve derin BT profesyonelli\u011fine dayanarak, bug&uuml;n&uuml;n ve yar\u0131n\u0131n mobilite gereksinimlerine uygun altyap\u0131lar\u0131n olu\u015fturulmas\u0131nda hayati &ouml;neme sahip &ccedil;&ouml;z&uuml;mler geli\u015ftirmeye devam ediyor.<\/span><\/span><\/p>\n<p style=\"text-align: justify;\"><img decoding=\"async\" alt=\"\" src=\"https:\/\/cdnen4.yasaminritmi.com\/image\/64188bc032b74e89aafecaf08be7879d\/eMobility-s\u00fcrd\u00fcr\u00fclebilir-bir-gelece\u011fe-giden-yolda-elektrikport-1.jpeg\" style=\"height: 100%; width: 100%;\" \/><\/p>\n<p style=\"text-align: justify;\"><span style=\"font-size:18px;\"><span style=\"color:#008080;\"><em><span style=\"font-family:trebuchet ms,helvetica,sans-serif;\"><strong>&Ccedil;evre ve Enerji<\/strong><\/span><\/em><\/span><\/span><\/p>\n<p style=\"text-align: justify;\"><span style=\"font-size:16px;\"><span style=\"font-family:trebuchet ms,helvetica,sans-serif;\">\u0130klim de\u011fi\u015fikli\u011fi ve hammadde k\u0131tl\u0131\u011f\u0131, de\u011fi\u015fen t&uuml;ketici davran\u0131\u015flar\u0131n\u0131n &ouml;nde gelen nedenleridir. End&uuml;striler ayr\u0131ca yeni anlay\u0131\u015flar geli\u015ftirdiler ve g&uuml;n&uuml;m&uuml;z&uuml;n giri\u015fimcilik ba\u015far\u0131s\u0131n\u0131n ekonomik, ekolojik ve sosyal ba\u011fl\u0131l\u0131\u011f\u0131n birle\u015fimi ile tan\u0131mland\u0131\u011f\u0131n\u0131 biliyorlar. Kurumsal sosyal sorumluluk uzun bir &ouml;nceli\u011fe sahiptir ve k&uuml;resel rekabette hafife al\u0131nmam\u0131\u015f bir ba\u015far\u0131 fakt&ouml;r&uuml; olmamal\u0131d\u0131r.<\/span><\/span><\/p>\n<p style=\"text-align: justify;\"><span style=\"font-size:16px;\"><span style=\"font-family:trebuchet ms,helvetica,sans-serif;\">Siemens ekonomik &ccedil;evre koruma, kaynak verimlili\u011fi ve CO<sub>2<\/sub>&rsquo;de azalmaya giderek bu t&uuml;r zorluklar\u0131n &uuml;stesinden gelmeyi ama&ccedil;l\u0131yor. Bu ama&ccedil;la ve bu hedef kapsam\u0131nda ileriye d&ouml;n&uuml;k teknoloji yelpazesi sunuyor. Bunlardan biri olan <strong><a href=\"http:\/\/www.siemens.com.tr\/tr\" target=\"_blank\" rel=\"noopener\">eMobility<\/a><\/strong> ile ekosisteme yarar sa\u011flamay\u0131 hedefliyor.<\/span><\/span><\/p>\n<p style=\"text-align: justify;\"><em><span style=\"color:#008080;\"><span style=\"font-size:18px;\"><span style=\"font-family:trebuchet ms,helvetica,sans-serif;\"><strong>Ya\u015fam Kalitesi ve Kentle\u015fme<\/strong><\/span><\/span><\/span><\/em><\/p>\n<p style=\"text-align: justify;\"><span style=\"font-size:16px;\"><span style=\"font-family:trebuchet ms,helvetica,sans-serif;\">Daha iyi profesyonel ve &ouml;zel f\u0131rsatlar, k\u0131rsal alanlardan kentsel alanlara giderek daha fazla insan\u0131 &ccedil;ekmektir. 1950&#39;lerde, d&uuml;nya n&uuml;fusunun &uuml;&ccedil;te birinden az\u0131 metropol b&ouml;lgelerde ya\u015fad\u0131. O zamandan bu yana, &ccedil;arp\u0131c\u0131 bir \u015fekilde artt\u0131 ve uzmanlar, \u015fehir sakinlerinin 2050 y\u0131l\u0131na kadar &uuml;&ccedil;te ikisinden fazlas\u0131na ula\u015faca\u011f\u0131n\u0131 tahmin ediyor. Sonu&ccedil; olarak, bir&ccedil;ok b&uuml;y&uuml;k kentin mevcut altyap\u0131lar\u0131, hava kirlili\u011fi gittik&ccedil;e artan bir sa\u011fl\u0131k riski haline gelirken, limitlerine ula\u015f\u0131yor.<\/span><\/span><\/p>\n<p style=\"text-align: justify;\"><span style=\"font-size:16px;\"><span style=\"font-family:trebuchet ms,helvetica,sans-serif;\">Siemens, \u015fehirlere, say\u0131salla\u015ft\u0131r\u0131lm\u0131\u015f, elektrikli ve BT tabanl\u0131 bir ak\u0131ll\u0131 altyap\u0131n\u0131n potansiyelini ger&ccedil;ekle\u015ftirmelerine yard\u0131mc\u0131 olarak s&uuml;rd&uuml;r&uuml;lebilir kalk\u0131nma ile ilgili t&uuml;m zorluklar\u0131 &ccedil;&ouml;zmede yard\u0131mc\u0131 oluyor.<\/span><\/span><\/p>\n<p style=\"text-align: justify;\"><a href=\"https:\/\/endustri40.com\/en\/endustri-4-0-yuzyillardir-suren-uretim-inovasyonunun-sonucu\/\" style=\"text-align: justify;\" target=\"_blank\"><img decoding=\"async\" alt=\"\" src=\"https:\/\/cdnen4.yasaminritmi.com\/image\/527d0cb10d3f4874be4e9eefbd7e875b\/End\u00fcstri 4.0 Y\u00fczy\u0131llard\u0131r S\u00fcren \u00dcretim \u0130novasyonunun Sonucu.jpg\" style=\"opacity: 0.9; width: 100%; height: 100%;\" \/><\/a><\/p>\n<p style=\"text-align: justify;\"><span style=\"font-size:18px;\"><em><span style=\"color:#008080;\"><span style=\"font-family:trebuchet ms,helvetica,sans-serif;\"><strong>Temiz, Ye\u015fil ve Dijital Teknoloji<\/strong><\/span><\/span><\/em><\/span><\/p>\n<p style=\"text-align: justify;\"><span style=\"font-size:16px;\"><span style=\"font-family:trebuchet ms,helvetica,sans-serif;\">E\u015fi g&ouml;r&uuml;lmemi\u015f teknoloji ge&ccedil;i\u015fleri, yaln\u0131zca motor sporlar\u0131nda de\u011fil, ula\u015f\u0131m, \u015febekeler, enerji sistemleri, binalar, altyap\u0131 ve end&uuml;stride de de\u011fi\u015fime yol a&ccedil;\u0131yor. 4-7 Temmuz Goodwood H\u0131z Festivalinin teknoloji orta\u011f\u0131 olan Siemens, &ccedil;evreye kar\u015f\u0131 \u0131l\u0131ml\u0131 yakla\u015f\u0131m\u0131n\u0131n yan\u0131 s\u0131ra otomobil ve araba k&uuml;lt&uuml;r&uuml;nde yeni bak\u0131\u015f a&ccedil;\u0131lar\u0131 ve yarat\u0131c\u0131l\u0131k &ouml;rneklerini sergiledi. Bunlardan biri olan temiz elektrik sa\u011flayan ve festivalin dizel jenerat&ouml;rlere olan ba\u011f\u0131ml\u0131l\u0131\u011f\u0131n\u0131 azaltan Temiz Hidrojen Yak\u0131t Pili&#39;dir.<\/span><\/span><\/p>\n<p style=\"text-align: justify;\"><span style=\"font-size:16px;\"><span style=\"font-family:trebuchet ms,helvetica,sans-serif;\">&ldquo;Bu y\u0131l elektrikli ara&ccedil;lar\u0131 en s&uuml;rd&uuml;r&uuml;lebilir \u015fekilde \u015farj etmek i&ccedil;in ustaca teknolojiyi kulland\u0131k. Bu, mutlu, s&uuml;rd&uuml;r&uuml;lebilir ve uyum i&ccedil;inde ya\u015famak istedi\u011fimiz yolu destekliyor. Bunun i&ccedil;in, Siemens&rsquo;in &ccedil;&ouml;z&uuml;mlerinin d&uuml;nya &uuml;zerindeki olumlu etkisinden her zaman ilham al\u0131yorum!&rdquo; <em>Juergen Maier, Siemens plc CEO&rsquo;su.<\/em><\/span><\/span><\/p>\n<p style=\"text-align: justify;\"><em><span style=\"color:#008080;\"><span style=\"font-size:18px;\"><span style=\"font-family:trebuchet ms,helvetica,sans-serif;\"><strong>Temiz Hidrojen Yak\u0131t H&uuml;cresi<\/strong><\/span><\/span><\/span><\/em><\/p>\n<p style=\"text-align: justify;\"><span style=\"font-size:16px;\"><span style=\"font-family:trebuchet ms,helvetica,sans-serif;\">Elektrikli Ara&ccedil;lara (Electrical Vehicles, EV) tahmin edilenden daha h\u0131zl\u0131 ge&ccedil;iyoruz ve artan EV&#39;lerimizi g&uuml;&ccedil;lendirecek ve karbon sal\u0131n\u0131m\u0131n\u0131 azaltacaksak, yenilenebilir enerji &uuml;retim kapasitemizi &ouml;nemli &ouml;l&ccedil;&uuml;de artt\u0131rmam\u0131z gerekiyor.<\/span><\/span><\/p>\n<p style=\"text-align: justify;\"><span style=\"font-size:16px;\"><span style=\"font-family:trebuchet ms,helvetica,sans-serif;\">Yak\u0131t h&uuml;cresi, ilk bak\u0131\u015fta Paddock&#39;ta ki EV arabalar\u0131na h\u0131zl\u0131 \u015farj sa\u011flamak i&ccedil;in 150 kW elektrik &uuml;retti. Bu miktardaki elektrik genellikle 75 haneye tahsis edilir. Mevcut da\u011f\u0131t\u0131m a\u011flar\u0131, ki\u015fisel ta\u015f\u0131mac\u0131l\u0131\u011f\u0131n toplu elektrifikasyonunu destekleyecek \u015fekilde tasarlanmam\u0131\u015ft\u0131r ve \u0130ngiltere&#39;deki hanelerin %40&#39;\u0131 &ouml;zel otoparka eri\u015fememektedir. <strong><a href=\"http:\/\/www.siemens.com.tr\/tr\" target=\"_blank\" rel=\"noopener\">Siemens GeoPura <\/a><\/strong>&ccedil;&ouml;z&uuml;m&uuml; \u015fehirde emisyonsuz ve limitsiz bir h\u0131zl\u0131 kamu \u015farj noktalar\u0131 a\u011f\u0131n\u0131 destekleyebilir.<\/span><\/span><\/p>\n<p style=\"text-align: justify;\"><span style=\"font-size:16px;\"><span style=\"font-family:trebuchet ms,helvetica,sans-serif;\">Bu teknolojinin gelecekteki uygulamalar\u0131, mevcut boru hatlar\u0131na hidrojeni besleyerek, yak\u0131t h&uuml;creli ara&ccedil;lar veya enerji santralleri i&ccedil;in yak\u0131t olarak veya hidrojen i\u015fleme end&uuml;strisi i&ccedil;in hammadde olarak do\u011fal gaz\u0131n yerine ge&ccedil;ebilir. Bu, sadece enerji &uuml;retimini end&uuml;stri ve mobilite sekt&ouml;rleriyle ba\u011flama imkan\u0131n\u0131 a&ccedil;makla kalm\u0131yor, ayn\u0131 zamanda &ouml;l&ccedil;eklenebilir ve karbon i&ccedil;ermeyen enerji sa\u011flama becerisi de veriyor.<\/span><\/span><\/p>\n<p style=\"text-align: justify;\"><span style=\"font-size:16px;\"><span style=\"font-family:trebuchet ms,helvetica,sans-serif;\">&ldquo;\u0130\u015f fikrimiz, m&uuml;\u015fterilerinin talebi ile b&uuml;y&uuml;yen otopark sahibine temiz, esnek bir EV \u015farj hizmeti sunmakt\u0131r. Otopark alan\u0131nda elektrik &uuml;retmek i&ccedil;in hidrojen ve konteyner yak\u0131t h&uuml;creleri kullanaca\u011f\u0131z. Hidrojen satm\u0131yoruz, EV&#39;lerin devrilmesi riskini de al\u0131yoruz.&rdquo; <em>Matthew Knight, Siemens<\/em><\/span><\/span><\/p>\n<h1 style=\"text-align: justify;\"><span class=\"ez-toc-section\" id=\"Hidrojen_Cozumleri\"><\/span><span style=\"color:#B22222;\"><span style=\"font-size:20px;\"><span style=\"font-family:trebuchet ms,helvetica,sans-serif;\"><strong>Hidrojen &Ccedil;&ouml;z&uuml;mleri<\/strong><\/span><\/span><\/span><span class=\"ez-toc-section-end\"><\/span><\/h1>\n<p style=\"text-align: justify;\"><span style=\"font-size:16px;\"><span style=\"font-family:trebuchet ms,helvetica,sans-serif;\">Hidrojen do\u011fada tek ba\u015f\u0131na bulunmay\u0131p, birincil enerji kaynaklar\u0131ndan yararlan\u0131larak farkl\u0131 hammaddelerden &uuml;retilebilen sentetik bir yak\u0131tt\u0131r. K&ouml;m&uuml;r ve do\u011fal gaz gibi fosil k&ouml;kenli yak\u0131tlar s\u0131n\u0131rl\u0131 rezerve sahiptir ve hidrojen &uuml;retiminde birincil enerji kayna\u011f\u0131 olarak kullan\u0131lmas\u0131 &ccedil;evresel zararlara neden olmaktad\u0131r. Bu nedenle hidrojeni &ldquo;temiz enerji&rdquo; kaynaklar\u0131 ile sudan &uuml;retmek en &ccedil;evreci ve en do\u011fru se&ccedil;im olacakt\u0131r. Hidrojeni temiz, kolay ve verimli bir \u015fekilde elde etmenin yolu olan suyun elektrolizi y&ouml;ntemi i&ccedil;in Proton Elektrolit Membranl\u0131 (PEM) elektroliz&ouml;rler kullan\u0131lmaktad\u0131r.<\/span><\/span><\/p>\n<p style=\"text-align: justify;\"><span style=\"font-size:16px;\"><span style=\"font-family:trebuchet ms,helvetica,sans-serif;\">G&uuml;n&uuml;m&uuml;z&uuml;n en &ouml;nemli zorluklar\u0131ndan biri, k&uuml;resel ekonominin karbonsuzla\u015fmas\u0131d\u0131r. Bu zorlu\u011fun &uuml;stesinden gelmenin anahtar\u0131, yenilenebilir enerji kaynaklar\u0131n\u0131 s&uuml;rekli olarak geni\u015fletmek ve bunlar\u0131 geli\u015fmi\u015f sanayi, enerji ve mobilite altyap\u0131lar\u0131na entegre etmektir. Siemens&rsquo;in &ccedil;&ouml;z&uuml;mlerinden biri olan PEM elektrolizi kullan\u0131larak yenilenebilir enerjiden &ldquo;ye\u015fil&rdquo; hidrojen &uuml;retiliyor ve b&ouml;ylece k&uuml;resel enerji ge&ccedil;i\u015finde &ouml;nemli bir katk\u0131 sa\u011flanm\u0131\u015f oluyor.<\/span><\/span><\/p>\n<p style=\"text-align: justify;\"><em><span style=\"color:#008080;\"><span style=\"font-size:18px;\"><span style=\"font-family:trebuchet ms,helvetica,sans-serif;\"><strong>Hidrojen &ndash; Gelece\u011fin Yak\u0131t\u0131<\/strong><\/span><\/span><\/span><\/em><\/p>\n<p style=\"text-align: justify;\"><span style=\"font-size:16px;\"><span style=\"font-family:trebuchet ms,helvetica,sans-serif;\">Hidrojen, evrendeki en yayg\u0131n elementtir. Kimyasal yak\u0131tlar\u0131m\u0131z\u0131n neredeyse tamam\u0131 hidrokarbon veya ba\u015fka hidrojen bile\u015fikleri olarak ba\u011fl\u0131 halde olmas\u0131na ra\u011fmen hidrojene dayanmaktad\u0131r. CO<sub>2<\/sub>&#39;deki k&uuml;resel art\u0131\u015f\u0131n neden oldu\u011fu iklim de\u011fi\u015fikli\u011fini s\u0131n\u0131rlamak ve s&uuml;rd&uuml;r&uuml;lebilir yak\u0131tlar &uuml;retmek i&ccedil;in &ccedil;&ouml;z&uuml;mler bulunmal\u0131d\u0131r. Bu, di\u011fer \u015feylerin yan\u0131 s\u0131ra, hidrojenin yenilenebilir enerji kaynaklar\u0131 kullan\u0131larak &uuml;retilmesini gerektirir.<\/span><\/span><\/p>\n<p style=\"text-align: justify;\"><span style=\"font-size:16px;\"><span style=\"font-family:trebuchet ms,helvetica,sans-serif;\">Hidrojen sadece gelece\u011fin yak\u0131t\u0131 de\u011fil, g&uuml;n&uuml;m&uuml;z&uuml;n de yak\u0131t\u0131d\u0131r. 1800&#39;lerin ba\u015flar\u0131nda, William Nicholson ve Anthony Carlisle adl\u0131 iki \u0130ngiliz, suyu hidrojen ve oksijene b&ouml;lme i\u015flemi olan elektrolizi ke\u015ffetti. Do\u011fru ak\u0131m kullan\u0131ld\u0131. B&ouml;ylece iki adam yeni bir kimya, elektrokimya alan\u0131 kurdu.<\/span><\/span><\/p>\n<p style=\"text-align: justify;\"><em><span style=\"color:#008080;\"><span style=\"font-size:18px;\"><span style=\"font-family:trebuchet ms,helvetica,sans-serif;\"><strong>PEM Elektroliz &ndash; Dinamik, Verimli, Temiz<\/strong><\/span><\/span><\/span><\/em><\/p>\n<p style=\"text-align: justify;\"><span style=\"font-size:16px;\"><span style=\"font-family:trebuchet ms,helvetica,sans-serif;\">PEM ad\u0131n\u0131 proton de\u011fi\u015fim zar\u0131ndan al\u0131r. PEM&rsquo;in &ouml;zel &ouml;zelli\u011fi protonlara kar\u015f\u0131 ge&ccedil;irgen olmas\u0131 ancak hidrojen ya da oksijen gibi gazlara kar\u015f\u0131 ge&ccedil;irimsiz olmas\u0131d\u0131r. Bunun sonucunda elektrolitik i\u015flemde membran, di\u011fer \u015feylerin yan\u0131 s\u0131ra, &uuml;r&uuml;n gazlar\u0131n\u0131n kar\u0131\u015fmas\u0131n\u0131 &ouml;nleyen bir ay\u0131r\u0131c\u0131n\u0131n i\u015flevini &uuml;stlenir. PEM elektrolizi ayr\u0131ca a\u015fa\u011f\u0131daki &ouml;zelliklere sahiptir;<\/span><\/span><\/p>\n<p style=\"text-align: justify;\"><span style=\"color: rgb(0, 128, 128); font-family: &quot;trebuchet ms&quot;, helvetica, sans-serif; font-size: 16px; text-align: justify;\">\u25ba&nbsp;<\/span><span style=\"font-family: &quot;trebuchet ms&quot;, helvetica, sans-serif; font-size: 16px;\">Y&uuml;ksek g&uuml;&ccedil; yo\u011funlu\u011funda y&uuml;ksek verim<\/span><\/p>\n<p style=\"text-align: justify;\"><span style=\"color: rgb(0, 128, 128); font-family: &quot;trebuchet ms&quot;, helvetica, sans-serif; font-size: 16px; text-align: justify;\">\u25ba&nbsp;<\/span><span style=\"font-size:16px;\"><span style=\"font-family:trebuchet ms,helvetica,sans-serif;\">K\u0131smi y&uuml;kte bile y&uuml;ksek &uuml;r&uuml;n gaz\u0131 kalitesi<\/span><\/span><\/p>\n<p style=\"text-align: justify;\"><span style=\"color: rgb(0, 128, 128); font-family: &quot;trebuchet ms&quot;, helvetica, sans-serif; font-size: 16px; text-align: justify;\">\u25ba&nbsp;<\/span><span style=\"font-size:16px;\"><span style=\"font-family:trebuchet ms,helvetica,sans-serif;\">D&uuml;\u015f&uuml;k bak\u0131m ve g&uuml;venilir &ccedil;al\u0131\u015fmas\u0131<\/span><\/span><\/p>\n<p style=\"text-align: justify;\"><span style=\"color: rgb(0, 128, 128); font-family: &quot;trebuchet ms&quot;, helvetica, sans-serif; font-size: 16px; text-align: justify;\">\u25ba&nbsp;<\/span><span style=\"font-size:16px;\"><span style=\"font-family:trebuchet ms,helvetica,sans-serif;\">Kimyasal ve kirlilik i&ccedil;ermemesi<\/span><\/span><\/p>\n<h1 style=\"text-align: justify;\"><span class=\"ez-toc-section\" id=\"Sinirsiz_100_Yenilenebilir_Sarj\"><\/span><span style=\"color:#B22222;\"><span style=\"font-size:20px;\"><span style=\"font-family:trebuchet ms,helvetica,sans-serif;\"><strong>S\u0131n\u0131rs\u0131z %100 Yenilenebilir \u015earj<\/strong><\/span><\/span><\/span><span class=\"ez-toc-section-end\"><\/span><\/h1>\n<p style=\"text-align: justify;\"><span style=\"font-size:16px;\"><span style=\"font-family:trebuchet ms,helvetica,sans-serif;\"><strong><a href=\"http:\/\/www.siemens.com.tr\/tr\" target=\"_blank\" rel=\"noopener\">Siemens<\/a><\/strong> ve hidrojen orta\u011f\u0131 GeoPura, e-arabalar\u0131 ve e-otob&uuml;sleri aktif olarak \u015farj etmek i&ccedil;in en yeni EV \u015farj cihazlar\u0131n\u0131 sa\u011flayacak. Siemens plc CEO&#39;su J&uuml;rgen Maier ve \u0130ngiltere&#39;deki Siemens Smart Infrastructure&#39;\u0131 &ldquo;Elektrikli ara&ccedil;lar\u0131 en s&uuml;rd&uuml;r&uuml;lebilir \u015fekilde \u015farj etmek istiyoruz.&rdquo; dedi. Festivalde sergilenen 1979 vintage Volkswagen Bull-E bile elektrik enerjisiyle &ccedil;al\u0131\u015f\u0131yor. Maier, &ldquo;Bu, ya\u015famak istedi\u011fimiz yolu destekliyor &#8211; mutlu, s&uuml;rd&uuml;r&uuml;lebilir ve uyum i&ccedil;inde.&rdquo; dedi ve ekledi,&nbsp; &ldquo;Sadece festival gerek&ccedil;esiyle de\u011fil, yak\u0131nda daha da fazla yollarda -%100 karbon ve emisyonsuz elektrik.&rdquo;<\/span><\/span><\/p>\n<p style=\"text-align: justify;\"><span style=\"font-size:16px;\"><span style=\"font-family:trebuchet ms,helvetica,sans-serif;\">Siemens ile ortakla\u015fa &ccedil;al\u0131\u015ft\u0131\u011f\u0131 GeoPura, otopark sahiplerine ve i\u015fletmecilerine %100 karbon &uuml;retmenin yan\u0131nda sahada &uuml;cretsiz elektrik &uuml;retebilmelerini ve hidrojenin g&uuml;c&uuml;n&uuml; kullanarak s\u0131n\u0131rs\u0131z say\u0131da \u015farj noktas\u0131 sunabilmelerini sa\u011fl\u0131yor.<\/span><\/span><\/p>\n<p style=\"text-align: justify;\"><span style=\"font-size:16px;\"><span style=\"font-family:trebuchet ms,helvetica,sans-serif;\">Uzmanlara g&ouml;re tahminlerden daha h\u0131zl\u0131 bir \u015fekilde EV&rsquo;lere ge&ccedil;i\u015f ya\u015fan\u0131yor. 2025 y\u0131l\u0131na kadar \u0130ngiltere yollar\u0131nda 1 milyondan fazla EV olaca\u011f\u0131n\u0131 tahmin ediyor. Bununla birlikte, e\u011fer EV&#39;lerin sat\u0131\u015flar\u0131 her y\u0131l iki kat\u0131na &ccedil;\u0131kmaya devam ederse, son &uuml;&ccedil; y\u0131lda g&ouml;sterilen bir e\u011filim, 2025 y\u0131l\u0131na kadar \u0130ngiltere&#39;de 10 milyon EV olabilece\u011fi y&ouml;n&uuml;nde. Buna g&ouml;re her bir arac\u0131n \u015farj noktalar\u0131na d&uuml;zenli olarak eri\u015fmesi gerekiyor.<\/span><\/span><\/p>\n<p style=\"text-align: justify;\"><span style=\"font-size:16px;\"><span style=\"font-family:trebuchet ms,helvetica,sans-serif;\">GeoPura&rsquo;n\u0131n EV&rsquo;lerde olu\u015fan bu art\u0131\u015f ve bunlara sa\u011flanacak \u015farj &uuml;niteleri i&ccedil;in&nbsp; &ccedil;&ouml;z&uuml;m &uuml;retti. \u0130ngiltere&rsquo;deki tesislerde s\u0131v\u0131 hidrojen bazl\u0131 bir yak\u0131t olu\u015fturmak i&ccedil;in g&uuml;ne\u015f veya r&uuml;zgar gibi yenilenebilir enerji kullan\u0131l\u0131yor. Bu yak\u0131t daha sonra EV kara tanker kullan\u0131larak ta\u015f\u0131n\u0131r ve yerel bir jenarat&ouml;r&uuml;n bir seferde 1.000 \u015farj noktas\u0131 &ccedil;al\u0131\u015ft\u0131rmak i&ccedil;in elektri\u011fe d&ouml;n&uuml;\u015ft&uuml;rd&uuml;\u011f&uuml; yerlere verilir. B&ouml;ylece %100 karbon emisyonu sa\u011flanarak, yan &uuml;r&uuml;n olarak sadece su ve hava olu\u015facak.<\/span><\/span><\/p>\n<p style=\"text-align: justify;\"><img decoding=\"async\" alt=\"\" src=\"https:\/\/cdnen4.yasaminritmi.com\/image\/924d58a71d2c48e4a40991cfde9d40c4\/eMobility-s\u00fcrd\u00fcr\u00fclebilir-bir-gelece\u011fe-giden-yolda-elektrikport-7.jpg\" style=\"height: 100%; width: 100%;\" \/><\/p>\n<h1 style=\"text-align: justify;\"><span class=\"ez-toc-section\" id=\"Mobilitenin_Surdurulebilirligi_Icin_Akilli_Cozumler\"><\/span><span style=\"color:#B22222;\"><span style=\"font-size:20px;\"><span style=\"font-family:trebuchet ms,helvetica,sans-serif;\"><strong>Mobilitenin S&uuml;rd&uuml;r&uuml;lebilirli\u011fi \u0130&ccedil;in Ak\u0131ll\u0131 &Ccedil;&ouml;z&uuml;mler<\/strong><\/span><\/span><\/span><span class=\"ez-toc-section-end\"><\/span><\/h1>\n<p style=\"text-align: justify;\"><span style=\"color:#008080;\"><em><span style=\"font-size:18px;\"><span style=\"font-family:trebuchet ms,helvetica,sans-serif;\"><strong>SICHARGE CC AC22 &ndash; eMobility gelece\u011fi i&ccedil;in kompakt \u015farj cihaz\u0131<\/strong><\/span><\/span><\/em><\/span><\/p>\n<p style=\"text-align: justify;\"><span style=\"font-size:16px;\"><span style=\"font-family:trebuchet ms,helvetica,sans-serif;\">G&uuml;n&uuml;m&uuml;z&uuml;n elektromobilitesi h\u0131zl\u0131, g&uuml;venli ve verimlidir. Siemens, IEC standard\u0131na g&ouml;re elektrikli ara&ccedil;lar i&ccedil;in yeni \u015farj &uuml;nitesi olan yeni SICHARGE kompakt \u015farj cihaz\u0131 (CC) ile elektrikli ara&ccedil; \u015farj\u0131 alan\u0131nda yeni standartlar belirliyor. Bu, hem garaj hem de otel veya \u015firket otoparklar\u0131 dahil, hem kamu hem de yar\u0131 kamuya a&ccedil;\u0131k alanlarda kullan\u0131m i&ccedil;in ge&ccedil;erlidir. SICHARGE CC AC22&#39;nin &ouml;zel &ouml;zelli\u011fi mod&uuml;ler yap\u0131s\u0131n\u0131n gereksinimlerimize g&ouml;re bireysel ve &ouml;zel konfig&uuml;rasyonlara izin vermesidir.<\/span><\/span><\/p>\n<p style=\"text-align: justify;\"><span style=\"color:#008080;\"><em><span style=\"font-size:18px;\"><span style=\"font-family:trebuchet ms,helvetica,sans-serif;\"><strong>Ak\u0131ll\u0131 eMobility Operasyonu<\/strong><\/span><\/span><\/em><\/span><\/p>\n<p style=\"text-align: justify;\"><span style=\"font-size:16px;\"><span style=\"font-family:trebuchet ms,helvetica,sans-serif;\">E-mobilitenin kentsel alanlardaki &ouml;nemli rol&uuml;n&uuml; g&ouml;z &ouml;n&uuml;ne alarak, elektrikli mobilite altyap\u0131s\u0131n\u0131n \u015febekenin gereksinimlerini kar\u015f\u0131lamas\u0131, ayn\u0131 zamanda modern bir Ak\u0131ll\u0131 \u015eehir&#39;de &ccedil;al\u0131\u015fan t&uuml;m insanlar\u0131n ihtiya&ccedil;lar\u0131n\u0131 kar\u015f\u0131lamas\u0131 gerekir. S&uuml;r&uuml;c&uuml;ler ara&ccedil;lar\u0131n\u0131 herhangi bir yerde \u015farj edebileceklerinden emin olmal\u0131 ve elektrik i&ccedil;in &ouml;deme t&uuml;m da\u011f\u0131t\u0131m noktalar\u0131nda ayn\u0131 olmal\u0131d\u0131r. Bu altyap\u0131, e-mobilitenin beyni olan bir E-Araba Operasyon Merkezi taraf\u0131ndan y&ouml;netilmesini gerektiriyor.<\/span><\/span><\/p>\n<p style=\"text-align: justify;\"><span style=\"font-size:16px;\"><span style=\"font-family:trebuchet ms,helvetica,sans-serif;\">EnergyIP E-Araba Operasyon Merkezi, bir merkezi sistem olmakla beraber belirli ana fonksiyonel mod&uuml;lleri bar\u0131nd\u0131r\u0131yor;<\/span><\/span><\/p>\n<p style=\"text-align: justify;\"><span style=\"font-family: &quot;trebuchet ms&quot;, helvetica, sans-serif; font-size: 16px;\"><span style=\"color:#008080;\">\u25ba <\/span>\u015earj istasyonlar\u0131n\u0131 y&ouml;netmek,<\/span><\/p>\n<p style=\"text-align: justify;\"><span style=\"color: rgb(0, 128, 128); font-family: &quot;trebuchet ms&quot;, helvetica, sans-serif; font-size: 16px; text-align: justify;\">\u25ba&nbsp;<\/span><span style=\"font-family: &quot;trebuchet ms&quot;, helvetica, sans-serif; font-size: 16px;\">M&uuml;\u015fteri s&ouml;zle\u015fmelerini y&ouml;netmek,<\/span><\/p>\n<p style=\"text-align: justify;\"><span style=\"color: rgb(0, 128, 128); font-family: &quot;trebuchet ms&quot;, helvetica, sans-serif; font-size: 16px; text-align: justify;\">\u25ba&nbsp;<\/span><span style=\"font-size:16px;\"><span style=\"font-family:trebuchet ms,helvetica,sans-serif;\">Enerji \u015febekesinin durumuna veya enerjinin ger&ccedil;ek zamanl\u0131 fiyat\u0131na g&ouml;re \u015farjlar\u0131 ak\u0131ll\u0131ca y&ouml;netmek,<\/span><\/span><\/p>\n<p style=\"text-align: justify;\"><span style=\"color: rgb(0, 128, 128); font-family: &quot;trebuchet ms&quot;, helvetica, sans-serif; font-size: 16px; text-align: justify;\">\u25ba&nbsp;<\/span><span style=\"font-size:16px;\"><span style=\"font-family:trebuchet ms,helvetica,sans-serif;\">Dola\u015f\u0131m ve temizleme.<\/span><\/span><\/p>\n<p style=\"text-align: justify;\"><span style=\"font-size:16px;\"><span style=\"font-family:trebuchet ms,helvetica,sans-serif;\">Sistem a&ccedil;\u0131k ve d&uuml;nyan\u0131n geri kalan\u0131yla ba\u011flant\u0131l\u0131, b&ouml;ylece piyasada bulunan &uuml;&ccedil;&uuml;nc&uuml; parti sistemler veya dola\u015f\u0131m platformlar\u0131 ile entegrasyon sa\u011flan\u0131yor. Sistem bir Hizmet Olarak Bulut Tabanl\u0131 Yaz\u0131l\u0131md\u0131r (SaaS). Son kullan\u0131c\u0131lar i&ccedil;in web portal\u0131 ve ak\u0131ll\u0131 telefon uygulamalar\u0131 mevcuttur: kullan\u0131c\u0131lar, \u015farj &uuml;nitelerinin ger&ccedil;ek zamanl\u0131 durumunu, kitap \u015farj istasyonlar\u0131n\u0131 g&ouml;rebilir, \u015farj ayr\u0131nt\u0131lar\u0131 ge&ccedil;mi\u015fini ve s&ouml;zle\u015fmelerinin ve RFID kartlar\u0131n\u0131n durumunu kontrol edebilir.<\/span><\/span><\/p>\n<p style=\"box-sizing: border-box; margin: 0px 0px 10px; font-family: &quot;Open Sans&quot;, sans-serif; font-size: 14px; text-align: justify;\">&nbsp;<\/p>\n<p style=\"box-sizing: border-box; margin: 0px 0px 10px; font-family: &quot;Open Sans&quot;, sans-serif; font-size: 14px; text-align: justify;\"><span style=\"box-sizing: border-box; font-weight: 700;\"><span style=\"box-sizing: border-box; font-size: 18px;\"><span style=\"box-sizing: border-box; font-family: &quot;trebuchet ms&quot;, helvetica, sans-serif;\">Kaynak:<\/span><\/span><\/span><\/p>\n<p style=\"box-sizing: border-box; margin: 0px 0px 10px; font-family: &quot;Open Sans&quot;, sans-serif; font-size: 14px; text-align: justify;\"><a href=\"\/en\/new.siemens.com\/tr\/tr.html\/\" style=\"font-family: Arial, Verdana, sans-serif; font-size: 12px; text-align: justify;\" target=\"_blank\"><img decoding=\"async\" alt=\"\" src=\"https:\/\/cdnen4.yasaminritmi.com\/image\/5f7ad3a9420c414b96f5b59eb0f7912f\/Siemens Logo.jpg\" \/><\/a><\/p>\n<p style=\"box-sizing: border-box; margin: 0px 0px 10px; font-family: &quot;Open Sans&quot;, sans-serif; font-size: 14px; text-align: justify;\"><span style=\"font-size:16px;\"><b style=\"font-size: 20px; color: rgb(178, 34, 34); font-family: &quot;trebuchet ms&quot;, helvetica, sans-serif;\">Yazar:&nbsp;<\/b><\/span><b style=\"font-family: &quot;trebuchet ms&quot;, helvetica, sans-serif; font-size: 16px; color: rgb(0, 128, 128);\">G&ouml;k&ccedil;e G&uuml;rb&uuml;z<\/b><\/p>","protected":false},"excerpt":{"rendered":"<p>eMobility&#8217;in \u00f6nemi, otomotiv end\u00fcstrisi i\u00e7in h\u0131zla art\u0131yor. 2018 y\u0131l\u0131nda, d\u00fcnya genelinde sokaklarda 3,3 milyon elektrikli ara\u00e7 vard\u0131. Siemens, eMobility&#8217;in s\u00fcrekli y\u00fckseli\u015fini sa\u011flamaya yard\u0131mc\u0131 olacak \u00e7\u00f6z\u00fcmler sunmay\u0131 ama\u00e7l\u0131yor. eMobility ve gereksinimlerini yaz\u0131m\u0131zda detayl\u0131 olarak inceleyelim.<\/p>","protected":false},"author":1,"featured_media":0,"comment_status":"open","ping_status":"open","sticky":false,"template":"","format":"standard","meta":{"_acf_changed":false,"pmpro_default_level":"","footnotes":""},"categories":[1],"tags":[],"coauthors":[],"class_list":["post-1324","post","type-post","status-publish","format-standard","hentry","category-uncategorized","pmpro-has-access"],"acf":[],"_links":{"self":[{"href":"https:\/\/endustri40.com\/en\/wp-json\/wp\/v2\/posts\/1324","targetHints":{"allow":["GET"]}}],"collection":[{"href":"https:\/\/endustri40.com\/en\/wp-json\/wp\/v2\/posts"}],"about":[{"href":"https:\/\/endustri40.com\/en\/wp-json\/wp\/v2\/types\/post"}],"author":[{"embeddable":true,"href":"https:\/\/endustri40.com\/en\/wp-json\/wp\/v2\/users\/1"}],"replies":[{"embeddable":true,"href":"https:\/\/endustri40.com\/en\/wp-json\/wp\/v2\/comments?post=1324"}],"version-history":[{"count":0,"href":"https:\/\/endustri40.com\/en\/wp-json\/wp\/v2\/posts\/1324\/revisions"}],"wp:attachment":[{"href":"https:\/\/endustri40.com\/en\/wp-json\/wp\/v2\/media?parent=1324"}],"wp:term":[{"taxonomy":"category","embeddable":true,"href":"https:\/\/endustri40.com\/en\/wp-json\/wp\/v2\/categories?post=1324"},{"taxonomy":"post_tag","embeddable":true,"href":"https:\/\/endustri40.com\/en\/wp-json\/wp\/v2\/tags?post=1324"},{"taxonomy":"author","embeddable":true,"href":"https:\/\/endustri40.com\/en\/wp-json\/wp\/v2\/coauthors?post=1324"}],"curies":[{"name":"wp","href":"https:\/\/api.w.org\/{rel}","templated":true}]}}