{"id":1303,"date":"2025-02-02T13:43:40","date_gmt":"2025-02-02T13:43:40","guid":{"rendered":"https:\/\/endustri40.bktechin.com\/2025\/02\/02\/dijital-ipek-yolu-turkiyeden-geciyor\/"},"modified":"2025-02-02T13:43:40","modified_gmt":"2025-02-02T13:43:40","slug":"dijital-ipek-yolu-turkiyeden-geciyor","status":"publish","type":"post","link":"https:\/\/endustri40.com\/en\/dijital-ipek-yolu-turkiyeden-geciyor\/","title":{"rendered":"Dijital \u0130pek Yolu T\u00fcrkiye\u2019den Ge\u00e7iyor"},"content":{"rendered":"<div style=\"color: rgb(34, 34, 34); font-family: Arial, Verdana, sans-serif; font-size: 12px; text-align: justify;\"><span style=\"font-size: 16px;\"><span style=\"font-family: &quot;trebuchet ms&quot;, helvetica, sans-serif;\">&Ccedil;in h&uuml;k&uuml;meti taraf\u0131ndan 2013 y\u0131l\u0131nda a&ccedil;\u0131klanan Ku\u015fak ve Yol Giri\u015fimi&rsquo;nin (BRI) i\u015f d&uuml;nyas\u0131ndaki yans\u0131mas\u0131 olarak nitelendirilen BRICA&rsquo;n\u0131n (Ku\u015fak ve Yol Sanayi ve Ticaret Birli\u011fi) \u0130stanbul Zirvesi ba\u015flad\u0131. \u0130lki M\u0131s\u0131r&rsquo;da d&uuml;zenlenen zirve, bu kez T&Uuml;S\u0130AD ev sahipli\u011finde \u0130stanbul&rsquo;da ger&ccedil;ekle\u015fti. T&uuml;rkiye ve &Ccedil;in&rsquo;in yan\u0131 s\u0131ra farkl\u0131 k\u0131talardan i\u015f d&uuml;nyas\u0131, akademi ve sivil toplumun &ouml;nde gelen temsilcilerinin kat\u0131ld\u0131\u011f\u0131 zirvede, Siemens AG Y&ouml;netim Kurulu &Uuml;yesi&nbsp;<strong>Cedrik Neike<\/strong>&nbsp;ve&nbsp;<strong><a href=\"http:\/\/www.siemens.com\/global\/en\/home.html\" target=\"_blank\" rel=\"noopener\">Siemens<\/a><\/strong>&nbsp;T&uuml;rkiye Y&ouml;netim Kurulu Ba\u015fkan\u0131 ve CEO&rsquo;su&nbsp;<strong>H&uuml;seyin Gelis de<\/strong>&nbsp;yer ald\u0131.<\/span><\/span><\/div>\n<div style=\"color: rgb(34, 34, 34); font-family: Arial, Verdana, sans-serif; font-size: 12px; text-align: justify;\">\n<span style=\"font-size: 16px;\"><span style=\"font-family: &quot;trebuchet ms&quot;, helvetica, sans-serif;\">Bu &ouml;nemli bulu\u015fmaya destek veren Siemens, BRI (Ku\u015fak ve Yol Giri\u015fimi) &ccedil;er&ccedil;evesinde ger&ccedil;ekle\u015fecek b&uuml;y&uuml;k yat\u0131r\u0131mlara &ouml;zellikle enerji y&ouml;netimi, ula\u015f\u0131m altyap\u0131s\u0131 ve dijitalizasyon alanlar\u0131nda katk\u0131 sunmay\u0131 hedefliyor.&nbsp;<a href=\"http:\/\/www.siemens.com.tr\/web\/1199-19101-1-1\/siemens_turkiye_-_tr\/siemens_turkiye\/basin_bultenleri\/siemens_dijital_ipek_yolu_olusturuyor\" target=\"_blank\" rel=\"noopener\"><strong>Dijital \u0130pek Yolu<\/strong><\/a>&nbsp;vizyonuyla hareket eden Siemens, Haziran ay\u0131nda da &Ccedil;in&rsquo;in ba\u015fkenti Pekin&#39;de &quot;Ba\u011flanmak, Yaratmak, \u0130\u015f Birli\u011fi Yapmak&rsquo;&rsquo; ba\u015fl\u0131\u011f\u0131yla ayr\u0131 bir BRI Zirvesi d&uuml;zenlemi\u015f ve bu konudaki yol haritas\u0131n\u0131 masaya yat\u0131rm\u0131\u015ft\u0131.<\/span><\/span><\/div>\n<div style=\"color: rgb(34, 34, 34); font-family: Arial, Verdana, sans-serif; font-size: 12px; text-align: center;\">&nbsp;<a href=\"http:\/\/www.elektrikport.com\/universite\/uretimde-yenilikci-cozum-dijital-fabrika\/14736\" target=\"_blank\" rel=\"noopener\"><img decoding=\"async\" alt=\"\" src=\"https:\/\/cdnelektrikport.4flyy.com\/\/Content\/\/201508\/Dijital%20Fabrika%20710x120.jpg\" style=\"width: 100%; height: 100%;\" \/><\/a><\/div>\n<div style=\"color: rgb(34, 34, 34); font-family: Arial, Verdana, sans-serif; font-size: 12px; text-align: justify;\">\n<span style=\"font-size: 16px;\"><span style=\"font-family: &quot;trebuchet ms&quot;, helvetica, sans-serif;\">\u0130stanbul&rsquo;daki zirvenin&nbsp;<strong>&ldquo;Ku\u015fak ve Yol Giri\u015fimi&rdquo;&nbsp;<\/strong>panelinde konu\u015fma yapan Siemens AG Y&ouml;netim Kurulu &Uuml;yesi&nbsp;<strong>Cedrik Neike<\/strong>,&nbsp; BRI&rsquo;\u0131n &ccedil;a\u011f\u0131m\u0131z\u0131n en kapsaml\u0131 giri\u015fimleri aras\u0131nda yer ald\u0131\u011f\u0131na vurgu yapt\u0131. Neike konu\u015fmas\u0131nda \u015funlar\u0131 s&ouml;yledi:&nbsp;<strong>&ldquo;Siemens olarak BRI&rsquo;\u0131 destekleyerek &uuml;&ccedil; temel hedefe ula\u015fmay\u0131 ama&ccedil;l\u0131yoruz. \u0130lk olarak, giri\u015fim i&ccedil;inde yer alan &uuml;lkelerdeki proje ortaklar\u0131m\u0131z ve m&uuml;\u015fterilerimizle i\u015f birli\u011fi kurarak, BRI &uuml;lkelerinin kritik projelerini ger&ccedil;ekle\u015ftirmelerine yard\u0131mc\u0131 olmay\u0131 hedefliyoruz. \u0130kinci olarak, farkl\u0131 ekonomik b&ouml;lgeler, i\u015f ortaklar\u0131 ve &uuml;lkeler aras\u0131nda k&ouml;pr&uuml; kurma misyonunu &uuml;stlenerek &ccedil;ok tarafl\u0131 i\u015f birli\u011fini art\u0131rmak istiyoruz. &Uuml;&ccedil;&uuml;nc&uuml; olarak da Dijital \u0130pek Yolu olarak adland\u0131rd\u0131\u011f\u0131m\u0131z BRI&rsquo;\u0131n ba\u015far\u0131l\u0131 bir gelece\u011fe sahip olabilmesi i&ccedil;in dijitalizasyon konusunda ciddi destek sunmay\u0131 ve bu gelece\u011fi \u015fekillendirebilmeyi&nbsp;<\/strong><strong>ama&ccedil;l\u0131yoruz<\/strong>.&rdquo;<\/span><\/span><br \/>\n&nbsp;<\/div>\n<div style=\"color: rgb(34, 34, 34); font-family: Arial, Verdana, sans-serif; font-size: 12px; text-align: center;\">&nbsp;<img decoding=\"async\" alt=\"\" src=\"https:\/\/cdnelektrikport.4flyy.com\/\/Content\/\/201810\/D%C4%B1j%C4%B1tal-%C4%B0pek-Yolu-Turk%C4%B1ye%E2%80%99den-gec%C4%B1yor-elektrikport-2.jpg\" style=\"width: 100%; height: 100%;\" \/><\/div>\n<div style=\"color: rgb(34, 34, 34); font-family: Arial, Verdana, sans-serif; font-size: 12px; text-align: justify;\">\n<span style=\"font-size: 16px;\"><span style=\"font-family: &quot;trebuchet ms&quot;, helvetica, sans-serif;\">BRICA \u0130stanbul Zirvesi&rsquo;nde bu giri\u015fimin hedefledi\u011fi noktalara ula\u015fabilmesi i&ccedil;in dijitalizasyonun &ouml;nemine dikkat &ccedil;eken Siemens T&uuml;rkiye Y&ouml;netim Kurulu Ba\u015fkan\u0131 ve CEO&rsquo;su&nbsp;<strong>H&uuml;seyin Gelis<\/strong>&nbsp;ise kat\u0131ld\u0131\u011f\u0131 &ldquo;Dijital Ku\u015fak ve Yol&rdquo; panelinde \u015funlar\u0131 s&ouml;yledi: &ldquo;<strong>Siemens T&uuml;rkiye olarak, k\u0131talar\u0131n ve global ekonomi i&ccedil;indeki &ouml;nemli merkezlerin kesi\u015fme noktas\u0131nda bulunan \u0130stanbul&rsquo;da bu zirvenin d&uuml;zenlenmesini &ouml;nemsiyoruz. Ekonomiye ve topluma katk\u0131 anlay\u0131\u015f\u0131yla faaliyet g&ouml;steren Siemens&rsquo;in dijitalizasyon alan\u0131nda inovatif &uuml;r&uuml;n, &ccedil;&ouml;z&uuml;m ve uygulamalar\u0131yla BRI&rsquo;\u0131n s&uuml;rd&uuml;r&uuml;lebilir ba\u015far\u0131ya ula\u015fmas\u0131na &ouml;nemli katk\u0131lar sunaca\u011f\u0131na inan\u0131yorum. Dijitalizasyon konusunda ger&ccedil;ekle\u015ftirece\u011fimiz at\u0131l\u0131mlarla BRI&rsquo;y\u0131 tek seferlik bir dizi altyap\u0131 projesi olman\u0131n &ouml;tesinde, ger&ccedil;ek bir &lsquo;Dijital \u0130pek Yolu&rsquo;na d&ouml;n&uuml;\u015ft&uuml;rebiliriz. Bu giri\u015fim kapsam\u0131nda ger&ccedil;ekle\u015fecek projelere inovatif ve dijital teknolojiler sunarak, ba\u015far\u0131l\u0131, a&ccedil;\u0131k ve adil bir uluslararas\u0131 i\u015f birli\u011fini desteklemeye devam edece\u011fiz.&rdquo;<\/strong><\/p>\n<p><span style=\"color: rgb(178, 34, 34);\"><span style=\"font-size: 20px;\"><strong>Siemens T&uuml;rkiye hakk\u0131nda:&nbsp;<\/strong><\/span><\/span><\/p>\n<p>1847 y\u0131l\u0131nda Werner von&nbsp;<strong><a href=\"http:\/\/www.siemens.com\/global\/en\/home.html\" target=\"_blank\" rel=\"noopener\">Siemens<\/a><\/strong>&nbsp;taraf\u0131ndan Almanya&rsquo;da temelleri at\u0131lan Siemens, T&uuml;rkiye&rsquo;de 162 y\u0131ld\u0131r faaliyet g&ouml;stermektedir. Siemens T&uuml;rkiye, teknolojiye olan tutkusu ve k&ouml;kl&uuml; birikimiyle; enerji, altyap\u0131, elektrifikasyon, otomasyon, dijitalizasyon ve sa\u011fl\u0131k sekt&ouml;rlerine &ouml;nc&uuml;l&uuml;k eden &ccedil;al\u0131\u015fmalara imza atmaktad\u0131r. 3 binden fazla &ccedil;al\u0131\u015fan\u0131 bulunan<strong><a href=\"http:\/\/www.siemens.com\/global\/en\/home.html\" target=\"_blank\" rel=\"noopener\">&nbsp;Siemens<\/a><\/strong>&nbsp;T&uuml;rkiye, dolayl\u0131 olarak ise 40 bin ki\u015fiye istihdam sa\u011flamaktad\u0131r. Siemens T&uuml;rkiye&rsquo;de kad\u0131n &ccedil;al\u0131\u015fan oran\u0131 %24,5&#39;dir. Siemens T&uuml;rkiye, &uuml;lke ekonomisine, do\u011frudan, dolayl\u0131 ve te\u015fvik edilen olmak &uuml;zere y\u0131lda 3,2 milyar TL tutar\u0131nda katk\u0131 sa\u011flamaktad\u0131r. (PriceWaterhouse Coopers 2016 Raporu)<br \/>\nMerkezi \u0130stanbul Kartal&rsquo;da bulunan Siemens T&uuml;rkiye, Ankara, \u0130zmir, Adana ve Bursa&rsquo;daki ofisleri, Gebze&rsquo;deki Entegre &Uuml;retim Tesisleri ve Ankara ODT&Uuml;&rsquo;de yer alan Teknokent ofisleri ile hizmet vermektedir.<\/span><\/span><br \/>\n&nbsp;<\/div>\n<div style=\"color: rgb(34, 34, 34); font-family: Arial, Verdana, sans-serif; font-size: 12px; text-align: center;\"><a href=\"http:\/\/www.elektrikport.com\/makale-detay\/endustriyel-kontrol-cihazlariyla-enerji-tasarrufu\/16432#ad-image-0\" target=\"_blank\" rel=\"noopener\"><img decoding=\"async\" alt=\"\" src=\"https:\/\/cdnelektrikport.4flyy.com\/\/Content\/\/201506\/Enerji%20Tasarrufu%20(720x120).jpg\" style=\"width: 100%; height: 100%;\" \/><\/a><\/div>\n<div style=\"color: rgb(34, 34, 34); font-family: Arial, Verdana, sans-serif; font-size: 12px; text-align: justify;\">\n<span style=\"font-size: 16px;\"><span style=\"font-family: &quot;trebuchet ms&quot;, helvetica, sans-serif;\"><span style=\"color: rgb(178, 34, 34);\"><span style=\"font-size: 20px;\"><strong>Siemens hakk\u0131nda:<\/strong><\/span><\/span><\/p>\n<p><strong><a href=\"http:\/\/www.siemens.com\/global\/en\/home.html\" target=\"_blank\" rel=\"noopener\">Siemens<\/a><\/strong>&nbsp;AG (Berlin ve M&uuml;nih), 171 y\u0131ld\u0131r m&uuml;hendislikte m&uuml;kemmellik, inovasyon, kalite ve g&uuml;venilirlik y&ouml;nleriyle &ouml;ne &ccedil;\u0131kan uluslararas\u0131 bir teknoloji \u015firketidir. D&uuml;nya &ccedil;ap\u0131nda faaliyet g&ouml;steren \u015firket, elektrifikasyon, otomasyon ve dijitalizasyon alanlar\u0131na odaklanmaktad\u0131r. Enerji ve kaynaklar\u0131&nbsp; verimli kullanan teknolojileri ile d&uuml;nyan\u0131n en b&uuml;y&uuml;k &uuml;reticilerinden biri olan Siemens, verimli enerji &uuml;retimi ve enerji iletimi &ccedil;&ouml;z&uuml;mleri tedarikinde lider konumda bulunmaktad\u0131r. Siemens ayr\u0131ca altyap\u0131 &ccedil;&ouml;z&uuml;mleriyle end&uuml;stri i&ccedil;in otomasyon, s&uuml;r&uuml;c&uuml; ve yaz\u0131l\u0131m &ccedil;&ouml;z&uuml;mlerinde &ouml;nc&uuml;l&uuml;k etmektedir.<br \/>\n&nbsp;<br \/>\n\u015eirket, bunun yan\u0131nda &ouml;nemli t\u0131bbi g&ouml;r&uuml;nt&uuml;leme sistemleri (bilgisayarl\u0131 tomografi, manyetik rezonans vb.) tedarik&ccedil;ilerindendir ve laboratuvar diagnosti\u011fi ile birlikte klinik IT alanlar\u0131nda da lider konumdad\u0131r.&nbsp;<br \/>\n30 Eyl&uuml;l 2017 tarihinde sona eren 2017 mali y\u0131l\u0131nda \u015firketin elde etti\u011fi toplam cirosu 83 milyar Euro, net k&acirc;r\u0131 ise 6,2 milyar Euro&rsquo;dur. Eyl&uuml;l 2017 sonu itibariyle Siemens&#39;in d&uuml;nya genelindeki toplam &ccedil;al\u0131\u015fan say\u0131s\u0131 yakla\u015f\u0131k 372 bindir. Ayr\u0131nt\u0131l\u0131 bilgi i&ccedil;in&nbsp;<a href=\"http:\/\/www.siemens.com\/global\/en\/home.html\" target=\"_blank\" rel=\"noopener\">www.siemens.com<\/a>&nbsp;adresini ziyaret edebilirsiniz.<br \/>\n&nbsp;<\/span><\/span><\/div>\n<p><strong style=\"color: rgb(34, 34, 34); font-family: Arial, Verdana, sans-serif; font-size: 12px;\"><span style=\"font-size: 20px;\">Kaynak:<br \/>\n<a href=\"https:\/\/www.siemens.com\/global\/en\/home.html\" target=\"_blank\" rel=\"noopener\"><img decoding=\"async\" alt=\"\" src=\"https:\/\/cdnelektrikport.4flyy.com\/\/Content\/\/201704\/siemens.jpg\" style=\"width: 200px; height: 123px;\" \/><\/a><\/span><\/strong><\/p>","protected":false},"excerpt":{"rendered":"<p>\u0130stanbul&#8217;da T\u00dcS\u0130AD ev sahipli\u011finde, 18-19 Ekim tarihlerini kapsayacak \u201cBRICA Zirvesi\u201d ba\u015flad\u0131. B\u00f6lgedeki \u00e7ok tarafl\u0131 ekonomik ili\u015fkilerin geli\u015ftirilmesine ve T\u00fcrkiye\u2019nin tan\u0131t\u0131m\u0131na olumlu katk\u0131 sunacak zirveye kat\u0131lan Siemens AG Y\u00f6netim Kurulu \u00dcyesi Cedrik Neike; Siemens\u2019in BRI kapsam\u0131nda, \u00fcye \u00fclkeler ve proje kat\u0131l\u0131mc\u0131lar\u0131 aras\u0131nda k\u00f6pr\u00fcler kurarak i\u015f birli\u011fine ciddi katk\u0131lar sunaca\u011f\u0131n\u0131 ifade etti. Siemens T\u00fcrkiye Y\u00f6netim Kurulu Ba\u015fkan\u0131 ve CEO\u2019su H\u00fcseyin Gelis ise, tarihi \u201c\u0130pek Yolu\u201dnun dijitalle\u015fmesinin Ku\u015fak ve Yol Giri\u015fimi (BRI) a\u00e7\u0131s\u0131ndan \u00f6nemine vurgu yapt\u0131.<\/p>","protected":false},"author":1,"featured_media":0,"comment_status":"open","ping_status":"open","sticky":false,"template":"","format":"standard","meta":{"_acf_changed":false,"pmpro_default_level":"","footnotes":""},"categories":[1],"tags":[],"coauthors":[],"class_list":["post-1303","post","type-post","status-publish","format-standard","hentry","category-uncategorized","pmpro-has-access"],"acf":[],"_links":{"self":[{"href":"https:\/\/endustri40.com\/en\/wp-json\/wp\/v2\/posts\/1303","targetHints":{"allow":["GET"]}}],"collection":[{"href":"https:\/\/endustri40.com\/en\/wp-json\/wp\/v2\/posts"}],"about":[{"href":"https:\/\/endustri40.com\/en\/wp-json\/wp\/v2\/types\/post"}],"author":[{"embeddable":true,"href":"https:\/\/endustri40.com\/en\/wp-json\/wp\/v2\/users\/1"}],"replies":[{"embeddable":true,"href":"https:\/\/endustri40.com\/en\/wp-json\/wp\/v2\/comments?post=1303"}],"version-history":[{"count":0,"href":"https:\/\/endustri40.com\/en\/wp-json\/wp\/v2\/posts\/1303\/revisions"}],"wp:attachment":[{"href":"https:\/\/endustri40.com\/en\/wp-json\/wp\/v2\/media?parent=1303"}],"wp:term":[{"taxonomy":"category","embeddable":true,"href":"https:\/\/endustri40.com\/en\/wp-json\/wp\/v2\/categories?post=1303"},{"taxonomy":"post_tag","embeddable":true,"href":"https:\/\/endustri40.com\/en\/wp-json\/wp\/v2\/tags?post=1303"},{"taxonomy":"author","embeddable":true,"href":"https:\/\/endustri40.com\/en\/wp-json\/wp\/v2\/coauthors?post=1303"}],"curies":[{"name":"wp","href":"https:\/\/api.w.org\/{rel}","templated":true}]}}