{"id":1292,"date":"2025-02-02T13:43:40","date_gmt":"2025-02-02T13:43:40","guid":{"rendered":"https:\/\/endustri40.bktechin.com\/2025\/02\/02\/dijital-donusumde-dev-zirve\/"},"modified":"2025-02-02T13:43:40","modified_gmt":"2025-02-02T13:43:40","slug":"dijital-donusumde-dev-zirve","status":"publish","type":"post","link":"https:\/\/endustri40.com\/en\/dijital-donusumde-dev-zirve\/","title":{"rendered":"Dijital D\u00f6n\u00fc\u015f\u00fcmde Dev Zirve"},"content":{"rendered":"<p style=\"text-align: justify;\"><span style=\"font-size:16px;\"><span style=\"font-family:trebuchet ms,helvetica,sans-serif;\">Sanayiciler, OSB&rsquo;ler, teknokentler, teknokent firmalar\u0131, ticaret ve sanayi odalar\u0131, KOB\u0130&rsquo;lerin ilgi g&ouml;sterece\u011fi fuar, dijitalle\u015fmenin sanayi, ekonomi ve haberle\u015fme alanlar\u0131na yans\u0131malar\u0131n\u0131 irdeleyecek.<\/span><\/span><\/p>\n<p style=\"text-align: justify;\"><span style=\"font-size:16px;\"><span style=\"font-family:trebuchet ms,helvetica,sans-serif;\">28-30 Kas\u0131m 2019 tarihlerinde \u0130stanbul Fuar Merkezi&rsquo;nde d&uuml;zenlenecek olan zirve, d&uuml;nyan\u0131n en h\u0131zl\u0131 geli\u015fen b&ouml;lgesi ve k\u0131talar\u0131n\u0131n kesi\u015fme noktas\u0131nda, sanayi, ekonomi ve ileti\u015fim sekt&ouml;rlerinde, End&uuml;stri 4.0 finansal teknolojiler, nesnelerin interneti ve 5G temalar\u0131nda, yeni i\u015f ba\u011flant\u0131lar\u0131 kurma, sekt&ouml;r&uuml;n &ouml;nde gelen isimleriyle bir araya gelme f\u0131rsat\u0131 sunacak.<\/span><\/span><\/p>\n<p style=\"text-align: justify;\"><span style=\"font-size:16px;\"><span style=\"font-family:trebuchet ms,helvetica,sans-serif;\">Y&uuml;zlerce firma, binlerce profesyonel firma HYF Fuarc\u0131l\u0131k&nbsp; A.\u015e. taraf\u0131ndan d&uuml;zenlenecek fuar ve zirve, finans, e\u011fitim, sanayi, ekonomi dahil olmak &uuml;zere hemen hemen t&uuml;m sekt&ouml;rlerde ge&ccedil;erlili\u011fi olan dijitalle\u015fme olgusunu ele alacak. &Uuml;&ccedil; g&uuml;n s&uuml;recek etkinli\u011fe, bir&ccedil;ok nitelikli &uuml;st d&uuml;zey firman\u0131n ve 20&nbsp;bini a\u015fk\u0131n ziyaret&ccedil;inin kat\u0131lmas\u0131 bekleniyor. &Uuml;st d&uuml;zey yetkililerin kat\u0131l\u0131m\u0131n\u0131n y&uuml;ksek olmas\u0131 beklenen fuarda, bu alanda hizmet &uuml;reten firmalar\u0131n &ccedil;&ouml;z&uuml;mleri sergilenecek.<\/span><\/span><\/p>\n<p style=\"text-align: justify;\"><img decoding=\"async\" alt=\"\" src=\"https:\/\/cdnen4.yasaminritmi.com\/image\/b13fc4c3b0b34403a2bfcf7bf3ada803\/dijital-donusumde-dev-zirve-endustri40-1.jpg\" style=\"width: 100%; height: 100%;\" \/><\/p>\n<h1 style=\"text-align: justify;\"><span class=\"ez-toc-section\" id=\"KOBIler_Endustri_40_Fuarina_Hazirlaniyor\"><\/span><span style=\"color:#B22222;\"><span style=\"font-size:22px;\"><strong><span style=\"font-family:trebuchet ms,helvetica,sans-serif;\">KOB\u0130&rsquo;ler End&uuml;stri 4.0&nbsp; Fuar\u0131na Haz\u0131rlan\u0131yor<\/span><\/strong><\/span><\/span><span class=\"ez-toc-section-end\"><\/span><\/h1>\n<p style=\"text-align: justify;\"><span style=\"font-size:16px;\"><span style=\"font-family:trebuchet ms,helvetica,sans-serif;\">End&uuml;stri T&uuml;rkiye ekonomisinin de g&uuml;ndemine girdi. &Ouml;zellikle Sanayi ve Teknoloji Bakanl\u0131\u011f\u0131 bu konuda ciddi bir gayret sarf ediyor.<\/span><\/span><\/p>\n<p style=\"text-align: justify;\"><span style=\"font-size:16px;\"><span style=\"font-family:trebuchet ms,helvetica,sans-serif;\">Bakanl\u0131\u011fa ba\u011fl\u0131 te\u015fvik birimleri bir yandan sadece bu alana &ouml;zel destekler &ccedil;\u0131karmaya ba\u015flarken bir yandan da KOB\u0130&rsquo;lerin yeni yat\u0131r\u0131mlar\u0131n\u0131 bu sisteme uygun in\u015faa etmesi i&ccedil;in u\u011fra\u015f\u0131yor.<\/span><\/span><\/p>\n<p style=\"text-align: justify;\"><span style=\"font-size:16px;\"><span style=\"font-family:trebuchet ms,helvetica,sans-serif;\">Bu s&uuml;re&ccedil;te &ouml;zel sekt&ouml;rden de konuyu tabana yayacak &ouml;nemli at\u0131l\u0131mlar geliyor. Bu kapsamda geli\u015ftirilen End&uuml;stri 4.0 fuar\u0131 &ldquo;<a href=\"https:\/\/endustri40.com\/en\/donusum-ruzgarina-hazir-misiniz\/\" target=\"_blank\"><strong>Digital Impact, \u0130stanbul Dijital D&ouml;n&uuml;\u015f&uuml;m Fuar\u0131 ve Zirvesi<\/strong><\/a>&rdquo; Kamu, &Ouml;zel Sekt&ouml;r ve STK&rsquo;lar\u0131 binlerce profesyonel ziyaret&ccedil;i bir araya getirmeye haz\u0131rlan\u0131yor.<\/span><\/span><\/p>\n<p style=\"text-align: justify;\"><span style=\"font-size:16px;\"><span style=\"font-family:trebuchet ms,helvetica,sans-serif;\">28-30 Kas\u0131m 2019&rsquo;da \u0130stanbul&rsquo;da d&uuml;zenlenecek olan Digital Impact, \u0130stanbul Dijital D&ouml;n&uuml;\u015f&uuml;m Fuar\u0131 ve Zirvesi dijitalle\u015fmenin geldi\u011fi son noktaya \u0131\u015f\u0131k tutacak.<\/span><\/span><\/p>\n<p style=\"text-align: justify;\"><span style=\"font-size:16px;\"><span style=\"font-family:trebuchet ms,helvetica,sans-serif;\">Digital Impact Fuar\u0131 <strong>&ldquo;<\/strong>Yeni i\u015f ba\u011flant\u0131lar\u0131 kurma, sekt&ouml;r&uuml;n &ouml;nde gelen isimleriyle bir araya gelme f\u0131rsat\u0131 sunacak. Fuarda makine, 3D yaz\u0131c\u0131, robotik, IoT, siber g&uuml;venlik, yapay zeka, otonom sistemler, sens&ouml;r, yaz\u0131l\u0131m, bilgisayar ve bulut bili\u015fim gibi alanlarda faaliyette olan sekt&ouml;rler sinerji yaratacak.&rdquo;<\/span><\/span><\/p>\n<h1 style=\"text-align: justify;\"><span class=\"ez-toc-section\" id=\"Dijital_Donusum_Digital_Impactte_Masaya_Yatirilacak\"><\/span><span style=\"color:#B22222;\"><span style=\"font-size:22px;\"><span style=\"font-family:trebuchet ms,helvetica,sans-serif;\"><strong>Dijital D&ouml;n&uuml;\u015f&uuml;m, Digital Impact&rsquo;te Masaya Yat\u0131r\u0131lacak<\/strong><\/span><\/span><\/span><span class=\"ez-toc-section-end\"><\/span><\/h1>\n<p style=\"text-align: justify;\"><span style=\"font-size:16px;\"><span style=\"font-family:trebuchet ms,helvetica,sans-serif;\"><strong>Teknolojinin ba\u015f d&ouml;nd&uuml;r&uuml;c&uuml; geli\u015fimini yani dijital d&ouml;n&uuml;\u015f&uuml;m&uuml; konu edinen Digital Impact \u0130stanbul Digital D&ouml;n&uuml;\u015f&uuml;m Fuar\u0131 ve Zirvesi, 28-30 Kas\u0131m tarihleri aras\u0131nda \u0130stanbul Fuar Merkezi&rsquo;nde kap\u0131lar\u0131n\u0131 a&ccedil;maya haz\u0131rlan\u0131yor.<\/strong><\/span><\/span><\/p>\n<p style=\"text-align: justify;\"><span style=\"font-size:16px;\"><span style=\"font-family:trebuchet ms,helvetica,sans-serif;\">Teknolojinin geli\u015fimi ile g&uuml;n&uuml;m&uuml;zde i\u015f s&uuml;re&ccedil;leri ve i\u015f yap\u0131\u015f \u015fekillerinde &ouml;nemli de\u011fi\u015fiklikler meydana geliyor. &Ouml;yle ki, yeni d&ouml;nem end&uuml;stri ve yeni nesil teknolojilerle birlikte de\u011fi\u015fen &uuml;retim alg\u0131s\u0131, gelece\u011fin t&uuml;m teknolojilerine \u0131\u015f\u0131k tutmaya devam ediyor. Yeni nesil robotik teknolojisi arac\u0131l\u0131\u011f\u0131yla &uuml;retim faaliyetlerindeki i\u015f&ccedil;i y&uuml;k&uuml;n&uuml;n azalmas\u0131 ve &uuml;retim s&uuml;relerinin k\u0131salmas\u0131, Ar-Ge&rsquo;ye aktar\u0131lan kaynaklar\u0131 ve dolay\u0131s\u0131yla yeni nesil teknolojilerin ortaya &ccedil;\u0131k\u0131\u015f h\u0131z\u0131n\u0131 artt\u0131r\u0131yor. Ya\u015fanan bu d&ouml;n&uuml;\u015f&uuml;mler, savunma ve havac\u0131l\u0131k sanayiini de do\u011fal olarak etkiliyor. Yeni nesil teknolojiler; toplumun bir k\u0131sm\u0131n\u0131 bu de\u011fi\u015fime ayak uydurma y&ouml;n&uuml;ne te\u015fvik ederken, bir k\u0131sm\u0131n\u0131 ise yok olma tehdidine kar\u015f\u0131 teyakkuza ge&ccedil;iriyor. Peki bu ya\u015fanan de\u011fi\u015fime nas\u0131l ayak uyduraca\u011f\u0131z? Ya da de\u011fi\u015fime g&ouml;re hareket etmeyip yok mu olaca\u011f\u0131z?<\/span><\/span><\/p>\n<p style=\"text-align: justify;\"><span style=\"font-size:16px;\"><span style=\"font-family:trebuchet ms,helvetica,sans-serif;\">Bu kapsamda; 28 &ndash; 30 Kas\u0131m tarihlerinde d&uuml;zenlenecek Digital Impact, \u0130stanbul Digital D&ouml;n&uuml;\u015f&uuml;m Fuar\u0131 ve Zirvesi, b&uuml;t&uuml;n bu sorular\u0131 yan\u0131tlamak i&ccedil;in \u0130stanbul Fuar Merkezi&rsquo;nde kap\u0131lar\u0131n\u0131 a&ccedil;maya haz\u0131rlan\u0131yor. Bu y\u0131l d&uuml;zenlenecek fuarda, dijital etkinin sanayiye, ekonomiye ve haberle\u015fmeye etkisi t&uuml;m y&ouml;nleriyle ele al\u0131n\u0131rken, sekt&ouml;r&uuml;n uzman isimleri de dijital d&ouml;n&uuml;\u015f&uuml;me dair fikir payla\u015f\u0131mlar\u0131yla yerini alacak. Fuarda ayn\u0131 zamanda; de\u011fi\u015fime dair yol haritas\u0131n\u0131n da olu\u015fturulmas\u0131 konusunda baz\u0131 sorulara yan\u0131t aranacak.<\/span><\/span><\/p>\n<p style=\"text-align: justify;\"><img decoding=\"async\" alt=\"\" src=\"https:\/\/cdnen4.yasaminritmi.com\/image\/126f9a6c170f4727b5174c1708c3469e\/dijital-donusumde-dev-zirve-endustri40-2.jpg\" style=\"height: 100%; width: 100%;\" \/><\/p>\n<p style=\"text-align: justify;\"><em><span style=\"font-size:20px;\"><span style=\"color:#008080;\"><span style=\"font-family:trebuchet ms,helvetica,sans-serif;\"><strong>Robotik sistemlerden yapay zekaya, 5G&rsquo;den bulut bili\u015fime kadar pek &ccedil;ok konu&hellip;<\/strong><\/span><\/span><\/span><\/em><\/p>\n<p style=\"text-align: justify;\"><span style=\"font-size:16px;\"><span style=\"font-family:trebuchet ms,helvetica,sans-serif;\">Fuar; finans, e\u011fitim, sanayi, ekonomi dahil olmak &uuml;zere hemen hemen t&uuml;m sekt&ouml;rleri etkisi alt\u0131na alan dijitalle\u015fme olgusu &ccedil;er&ccedil;evesinde pek &ccedil;ok detaya ev sahipli\u011fi yapacak. 3 g&uuml;n s&uuml;recek fuar kapsam\u0131nda; Dijital sanayi ve End&uuml;stri 4.0, dijital ekonomi, 5G ve nesnelerin interneti konular\u0131nda uzman ki\u015filer taraf\u0131ndan sunumlar yap\u0131l\u0131rken, bu alanlarda &uuml;r&uuml;n ve hizmetleri olan i\u015fletmelerin &ccedil;&ouml;z&uuml;mleri de ziyaret&ccedil;ilere sunulacak.<\/span><\/span><\/p>\n<p style=\"text-align: justify;\"><span style=\"font-size:16px;\"><span style=\"font-family:trebuchet ms,helvetica,sans-serif;\">Sanayi devleri, OSB&rsquo;ler, teknokent firmalar\u0131, Kamu Kurumlar\u0131, Belediyeler, &Uuml;niversiteler, Ticaret ve Sanayi odalar\u0131 ile KOB\u0130&rsquo;lerin kat\u0131l\u0131m g&ouml;sterece\u011fi etkinlikte; 3D yaz\u0131c\u0131, robotik sistemler, IoT, siber g&uuml;venlik, yapay zeka, otonom ara&ccedil;lar, ak\u0131ll\u0131 bina, sens&ouml;r, yaz\u0131l\u0131m, bilgisayar, bulut bili\u015fim, enerji y&ouml;netim sistemleri, i\u015f zekas\u0131 ve b&uuml;y&uuml;k veri gibi alanlarda faaliyet g&ouml;steren firmalar da bu &ouml;nemli fuarda kat\u0131l\u0131mc\u0131 olarak yerini alacak.<\/span><\/span><\/p>\n<p style=\"text-align: justify;\"><span style=\"font-size:16px;\"><span style=\"font-family:trebuchet ms,helvetica,sans-serif;\">HYF Fuarc\u0131l\u0131k taraf\u0131ndan d&uuml;zenlenen, End&uuml;stri 4.0 Dijital D&ouml;n&uuml;\u015f&uuml;m Derne\u011fi ve Eticaret Merkezi&rsquo;nin deste\u011fiyle ger&ccedil;ekle\u015fen fuarda, bir&ccedil;ok &uuml;st d&uuml;zey firma ve 20 bini a\u015fk\u0131n ziyaret&ccedil;inin konuk edilmesi planlan\u0131yor.<\/span><\/span><\/p>","protected":false},"excerpt":{"rendered":"<p>D\u00fcnyadaki dijital d\u00f6n\u00fc\u015f\u00fcme ayak uydurmak i\u00e7in d\u00fczenlenen etkinliklere, kas\u0131m ay\u0131nda \u0130stanbul\u2019da ger\u00e7ekle\u015ftirilecek \u201cDigital Impact, \u0130stanbul Digital D\u00f6n\u00fc\u015f\u00fcm Fuar\u0131 ve Zirvesi\u201d de ekleniyor.<\/p>","protected":false},"author":1,"featured_media":0,"comment_status":"open","ping_status":"open","sticky":false,"template":"","format":"standard","meta":{"_acf_changed":false,"pmpro_default_level":"","footnotes":""},"categories":[1],"tags":[],"coauthors":[],"class_list":["post-1292","post","type-post","status-publish","format-standard","hentry","category-uncategorized","pmpro-has-access"],"acf":[],"_links":{"self":[{"href":"https:\/\/endustri40.com\/en\/wp-json\/wp\/v2\/posts\/1292","targetHints":{"allow":["GET"]}}],"collection":[{"href":"https:\/\/endustri40.com\/en\/wp-json\/wp\/v2\/posts"}],"about":[{"href":"https:\/\/endustri40.com\/en\/wp-json\/wp\/v2\/types\/post"}],"author":[{"embeddable":true,"href":"https:\/\/endustri40.com\/en\/wp-json\/wp\/v2\/users\/1"}],"replies":[{"embeddable":true,"href":"https:\/\/endustri40.com\/en\/wp-json\/wp\/v2\/comments?post=1292"}],"version-history":[{"count":0,"href":"https:\/\/endustri40.com\/en\/wp-json\/wp\/v2\/posts\/1292\/revisions"}],"wp:attachment":[{"href":"https:\/\/endustri40.com\/en\/wp-json\/wp\/v2\/media?parent=1292"}],"wp:term":[{"taxonomy":"category","embeddable":true,"href":"https:\/\/endustri40.com\/en\/wp-json\/wp\/v2\/categories?post=1292"},{"taxonomy":"post_tag","embeddable":true,"href":"https:\/\/endustri40.com\/en\/wp-json\/wp\/v2\/tags?post=1292"},{"taxonomy":"author","embeddable":true,"href":"https:\/\/endustri40.com\/en\/wp-json\/wp\/v2\/coauthors?post=1292"}],"curies":[{"name":"wp","href":"https:\/\/api.w.org\/{rel}","templated":true}]}}