{"id":1259,"date":"2025-02-02T13:43:39","date_gmt":"2025-02-02T13:43:39","guid":{"rendered":"https:\/\/endustri40.bktechin.com\/2025\/02\/02\/bosch-grubu-ve-maxion-inci-jant-grubundan-sanayi-4-0-donusumunde-ornek-proje\/"},"modified":"2025-02-02T13:43:39","modified_gmt":"2025-02-02T13:43:39","slug":"bosch-grubu-ve-maxion-inci-jant-grubundan-sanayi-4-0-donusumunde-ornek-proje","status":"publish","type":"post","link":"https:\/\/endustri40.com\/en\/bosch-grubu-ve-maxion-inci-jant-grubundan-sanayi-4-0-donusumunde-ornek-proje\/","title":{"rendered":"Bosch Grubu ve Maxion \u0130nci Jant Grubu\u2019ndan Sanayi 4.0 D\u00f6n\u00fc\u015f\u00fcm\u00fcnde \u00d6rnek Proje"},"content":{"rendered":"<ul>\n<li style=\"text-align: justify;\"><span style=\"font-family:trebuchet ms,helvetica,sans-serif;\"><span style=\"font-size:16px;\"><em><strong>Bosch T&uuml;rkiye ve Orta Do\u011fu Ba\u015fkan\u0131 Steven Young: &ldquo;Bosch&rsquo;un stratejisi, Sanayi 4.0 &ccedil;&ouml;z&uuml;mlerinin hem ana kullan\u0131c\u0131s\u0131 hem de bunlarla ilgili olarak pazara &ccedil;&ouml;z&uuml;m sa\u011flayan g&uuml;&ccedil;l&uuml; partnerlerden biri olmakt\u0131r.&rdquo;<\/strong><\/em><\/span><\/span><\/li>\n<li style=\"text-align: justify;\"><span style=\"font-family:trebuchet ms,helvetica,sans-serif;\"><span style=\"font-size:16px;\"><em><strong>Young: &ldquo;T&uuml;rkiye&rsquo;nin d&ouml;rd&uuml;nc&uuml; sanayi devrimini ka&ccedil;\u0131rmamas\u0131 i&ccedil;in, d&uuml;nyada 270&rsquo;ten fazla fabrikam\u0131zda kazand\u0131\u011f\u0131m\u0131z deneyimi, lokal ve uzman ekibimiz arac\u0131l\u0131\u011f\u0131yla T&uuml;rk sanayicileriyle payla\u015fmaya ba\u015flad\u0131k.&rdquo;<\/strong><\/em><\/span><\/span><\/li>\n<li style=\"text-align: justify;\"><span style=\"font-family:trebuchet ms,helvetica,sans-serif;\"><span style=\"font-size:16px;\"><em><strong>Maxion \u0130nci ve Maxion Janta\u015f Y&ouml;netim Kurulu Ba\u015fkan\u0131 Mustafa Zaim: &ldquo;D&uuml;nyan\u0131n en b&uuml;y&uuml;k jant &uuml;reticisi olan Maxion Wheels&rsquo;in, dijital d&ouml;n&uuml;\u015f&uuml;m i&ccedil;in d&uuml;nyadaki 19 fabrikas\u0131 aras\u0131ndan T&uuml;rkiye&rsquo;yi se&ccedil;mesi gurur verici&hellip;&rdquo;<\/strong><\/em><\/span><\/span><\/li>\n<li style=\"text-align: justify;\"><span style=\"font-family:trebuchet ms,helvetica,sans-serif;\"><span style=\"font-size:16px;\"><em><strong>Zaim: &ldquo;Hedefimiz, 2030 y\u0131l\u0131na kadar t&uuml;m i\u015fletmelerimizi b&uuml;t&uuml;n s&uuml;re&ccedil;leri kapsayacak \u015fekilde ak\u0131ll\u0131 dijital i\u015fletmelere d&ouml;n&uuml;\u015ft&uuml;rebilmektir.&rdquo;<\/strong><\/em><\/span><\/span><\/li>\n<\/ul>\n<p style=\"text-align: justify;\"><span style=\"font-family:trebuchet ms,helvetica,sans-serif;\"><span style=\"font-size:16px;\">D&uuml;nyan\u0131n &ouml;nde gelen \u015firketlerinden Bosch ve Maxion \u0130nci Jant Gruplar\u0131, T&uuml;rkiye&rsquo;nin Sanayi 4.0 d&ouml;n&uuml;\u015f&uuml;m&uuml; i&ccedil;in &ouml;nemli katk\u0131 sa\u011flayacak bir ad\u0131m att\u0131. Bosch Grubu, Sanayi 4.0 d&ouml;n&uuml;\u015f&uuml;m&uuml; alan\u0131nda k&uuml;resel &ccedil;apta kazand\u0131\u011f\u0131 deneyimi, kendi tesislerinde de dijital d&ouml;n&uuml;\u015f&uuml;m ger&ccedil;ekle\u015ftirmek isteyen T&uuml;rkiye&rsquo;deki <strong><a href=\"https:\/\/endustri40.com\/en\/endustri-4-0da-sensorlerin-onemi\/\" target=\"_blank\">sanayi<\/a><\/strong> \u015firketleriyle payla\u015fmaya ba\u015flad\u0131. Bu do\u011frultuda d&uuml;nyan\u0131n en b&uuml;y&uuml;k jant &uuml;reticisi Maxion Wheels ile \u0130nci Holding i\u015ftiraki olan Maxion \u0130nci Jant Grubu, dijital d&ouml;n&uuml;\u015f&uuml;m yolculu\u011funda Bosch ile i\u015f birli\u011fi yapaca\u011f\u0131n\u0131 a&ccedil;\u0131klad\u0131.<\/span><\/span><\/p>\n<p style=\"text-align: justify;\"><span style=\"font-family:trebuchet ms,helvetica,sans-serif;\"><span style=\"font-size:16px;\">Projenin tan\u0131t\u0131m\u0131 i&ccedil;in Maxion \u0130nci Jant Grubu&rsquo;nun Manisa&rsquo;daki al&uuml;minyum fabrikas\u0131nda d&uuml;zenlenen bas\u0131n toplant\u0131s\u0131nda konu\u015fan Bosch T&uuml;rkiye ve Orta Do\u011fu Ba\u015fkan\u0131 Steven Young, &ldquo;D&uuml;nya genelindeki 270&rsquo;den fazla fabrikam\u0131zda yapt\u0131\u011f\u0131m\u0131z &ccedil;al\u0131\u015fmalar\u0131 ve kazand\u0131\u011f\u0131m\u0131z tecr&uuml;beleri, T&uuml;rkiye&rsquo;deki sanayi \u015firketleriyle de payla\u015fmaya ba\u015flad\u0131k&rdquo; derken, Maxion Wheels&lsquo;in d&uuml;nyan\u0131n en b&uuml;y&uuml;k jant &uuml;reticisi oldu\u011funu vurgulayan Maxion \u0130nci ve Maxion Janta\u015f Y&ouml;netim Kurulu Ba\u015fkan\u0131 ve Maxion Wheels Global Liderler Kurulu &Uuml;yesi Mustafa Zaim, &ldquo;Dijitalle\u015fme ve Sanayi 4.0 &ccedil;al\u0131\u015fmalar\u0131 kapsam\u0131nda esnek &uuml;retim hatlar\u0131na sahip olmay\u0131, &uuml;r&uuml;n&uuml;m&uuml;z&uuml; pazara sunma h\u0131z\u0131m\u0131z\u0131 art\u0131rmay\u0131, s&uuml;re&ccedil; i&ccedil;i minimum stok seviyesiyle &ccedil;al\u0131\u015fmay\u0131, artan &uuml;r&uuml;n karma\u015f\u0131kl\u0131\u011f\u0131 ve sorunsuz yeni &uuml;r&uuml;n devreye alma performans\u0131n\u0131 iyile\u015ftirmeyi, <strong><a href=\"https:\/\/endustri40.com\/en\/tesis-tasariminda-endustri-4-0\/\" target=\"_blank\">tedarik zincirinde<\/a><\/strong> dijital entegrasyonu ve rekabet&ccedil;i &uuml;retimi hedefliyoruz&rdquo; dedi.<\/span><\/span><\/p>\n<p style=\"text-align: justify;\"><img decoding=\"async\" alt=\"\" src=\"https:\/\/cdnen4.yasaminritmi.com\/image\/724e7ef1939040978237652d1e85e3f1\/Bosch Grubu ve Maxion \u0130nci Jant Grubu\u2019ndan Sanayi 40 D\u00f6n\u00fc\u015f\u00fcm\u00fcnde \u00d6rnek proje-1.jpg\" style=\"height: 100%; width: 100%;\" \/><\/p>\n<div style=\"text-align: justify;\">&nbsp;<\/div>\n<div style=\"text-align: justify;\"><span style=\"color:#008080;\"><em><span style=\"font-size:20px;\"><span style=\"font-family:trebuchet ms,helvetica,sans-serif;\"><strong>Bosch&rsquo;un hedefi, 2020&rsquo;ye kadar 1 milyar Euro tasarruf etmek<\/strong><\/span><\/span><\/em><\/span><\/div>\n<div style=\"text-align: justify;\">&nbsp;<\/div>\n<p style=\"text-align: justify;\"><span style=\"font-family:trebuchet ms,helvetica,sans-serif;\"><span style=\"font-size:16px;\">Bosch Grubu&rsquo;nun hem &lsquo;<strong>nesnelerin d&uuml;nyas\u0131nda<\/strong>&rsquo; hem de &lsquo;<strong>IT d&uuml;nyas\u0131nda<\/strong>&rsquo; kapsaml\u0131 bir uzmanl\u0131\u011fa sahip bulundu\u011funu vurgulayan Steven Young, &ldquo;Bosch olarak &ouml;nce t&uuml;keticilerimize sundu\u011fumuz &uuml;r&uuml;nleri <strong><a href=\"https:\/\/endustri40.com\/en\/insan-makine-etkilesimi-l-endustri-4-0la-insan-ve-makinenin-uretimdeki-yeri\/\" target=\"_blank\">internet<\/a><\/strong> eri\u015fimli hale getirdik, ard\u0131ndan mevcut ekosistemlerimizi dijitalle\u015ftirdik. Bunu tedarik&ccedil;iden fabrikaya ve m&uuml;\u015fteriye kadar t&uuml;m de\u011fer ak\u0131\u015f\u0131n\u0131 birbirine ba\u011flamay\u0131 hedefleyen Sanayi 4.0 d&ouml;n&uuml;\u015f&uuml;m&uuml; takip etti. Bug&uuml;n sanayi, binalar, g&uuml;venlik ve enerji i&ccedil;in mobilite sistemlerinin hepsini tedarik ediyor ve birbirine ba\u011fl\u0131yoruz. Bu do\u011frultuda Bosch&rsquo;un stratejisi, &ccedil;&ouml;z&uuml;mlerin hem ama kullan\u0131c\u0131s\u0131 hem de bunlarla ilgili olarak pazara &ccedil;&ouml;z&uuml;m sa\u011flayan g&uuml;&ccedil;l&uuml; partnerlerden biri olmakt\u0131r. Sanayi 4.0 konusunda t&uuml;m d&uuml;nyada &ouml;nc&uuml; projelerimiz var. 2020 y\u0131l\u0131na kadar Sanayi 4.0 &ccedil;&ouml;z&uuml;mlerimizle 1 milyar Euro&#39;ya e\u015f de\u011fer bir tasarruf sa\u011flanmas\u0131 hedefleniyor&rdquo; diye konu\u015ftu.<\/span><\/span><\/p>\n<p style=\"text-align: justify;\"><span style=\"font-family:trebuchet ms,helvetica,sans-serif;\"><span style=\"font-size:16px;\">Bosch&rsquo;un Sanayi 4.0 d&ouml;n&uuml;\u015f&uuml;m&uuml;n&uuml; en erken g&ouml;ren \u015firketlerden biri oldu\u011funu ve &ouml;nc&uuml; rol &uuml;stlendi\u011fini kaydeden Young, &ldquo;&Ccedil;&ouml;z&uuml;mlerimizi ve kazand\u0131\u011f\u0131m\u0131z deneyimi, T&uuml;rkiye&rsquo;deki sanayicilerle payla\u015fmaya haz\u0131r oldu\u011fumuzu duyurduk. A&ccedil;\u0131klamalar\u0131m\u0131z i\u015f d&uuml;nyas\u0131ndan b&uuml;y&uuml;k ilgi g&ouml;rd&uuml;. Bu d&ouml;n&uuml;\u015f&uuml;m&uuml;n bir par&ccedil;as\u0131 olmak isteyen sanayiciler ile i\u015fbirli\u011fimiz ba\u015flad\u0131. &nbsp;Lokal ve uzman Sanayi 4.0 Ekibimiz, bu sanayicilerle g&ouml;r&uuml;\u015fmeler ve saha analizleri yap\u0131yor. Bu kapsamda Maxion \u0130nci Jant Grubu&rsquo;nun Manisa fabrikalar\u0131ndaki Sanayi 4.0 d&ouml;n&uuml;\u015f&uuml;m projesinin dan\u0131\u015fmanl\u0131\u011f\u0131n\u0131 &uuml;stlenerek, T&uuml;rkiye&rsquo;de &ouml;rnek olu\u015fturacak &ouml;nemli i\u015f birli\u011fini hayata ge&ccedil;irdik&rdquo; dedi.<\/span><\/span><\/p>\n<p style=\"text-align: justify;\">&nbsp;<\/p>\n<p style=\"text-align: justify;\"><em><span style=\"color:#008080;\"><span style=\"font-size:20px;\"><span style=\"font-family:trebuchet ms,helvetica,sans-serif;\"><strong>&ldquo;Dijital d&ouml;n&uuml;\u015f&uuml;m i&ccedil;in sanayiciye motive edici devlet te\u015fviki &ouml;nem ta\u015f\u0131yor&rdquo; <\/strong><\/span><\/span><\/span><\/em><\/p>\n<p style=\"text-align: justify;\">&nbsp;<\/p>\n<p style=\"text-align: justify;\"><span style=\"font-family:trebuchet ms,helvetica,sans-serif;\"><span style=\"font-size:16px;\">T&uuml;rkiye&rsquo;nin Sanayi 4.0 d&ouml;n&uuml;\u015f&uuml;m&uuml;nde asla ge&ccedil; kalmamas\u0131 gerekti\u011finin alt\u0131n\u0131 &ccedil;izen Steven Young, &ldquo;A\u011fa ba\u011fl\u0131 end&uuml;stri art\u0131k ger&ccedil;e\u011fe d&ouml;n&uuml;\u015f&uuml;yor ve ancak, s&uuml;re&ccedil; i&ccedil;erisinde bulunan t&uuml;m oyuncular\u0131n bunu uygulamak i&ccedil;in birlikte &ccedil;al\u0131\u015fmas\u0131 ve a&ccedil;\u0131k olmas\u0131 halinde ba\u015far\u0131 elde edilebilir. Daha &ouml;nceden kendi fabrikalar\u0131m\u0131za bakarak veya kendi \u015firketlerimizin s\u0131n\u0131rlar\u0131 i&ccedil;erisinde kalarak s&uuml;re&ccedil;lerimizi optimize etmeye &ccedil;al\u0131\u015f\u0131rken, art\u0131k \u015firketler aras\u0131ndaki engellerin &uuml;stesinden gelmemiz ve i\u015fletme ekosistemleri a&ccedil;\u0131s\u0131ndan d&uuml;\u015f&uuml;nmemiz gerekiyor&rdquo; ifadelerini kulland\u0131. Young, dijital d&ouml;n&uuml;\u015f&uuml;mleri i&ccedil;in <strong><a href=\"https:\/\/endustri40.com\/en\/uydu-tabanli-onceliklendirme-sistemi-siemens-sitraffic-stream\/\" target=\"_blank\">yol haritas\u0131<\/a><\/strong> &ccedil;\u0131karmak ve uygulama yapmak isteyen k&uuml;&ccedil;&uuml;k ve orta &ouml;l&ccedil;ekli sanayicilere y&ouml;nelik motive edici devlet te\u015fvikleri sa\u011flanmas\u0131n\u0131n &ouml;nem ta\u015f\u0131d\u0131\u011f\u0131n\u0131 s&ouml;zlerine ekledi.<\/span><\/span><\/p>\n<p style=\"text-align: justify;\"><a href=\"https:\/\/endustri40.com\/en\/gaz-turbini-bicaklarinin-katmanli-uretimi\/\" target=\"_blank\"><img decoding=\"async\" alt=\"\" src=\"https:\/\/cdnen4.yasaminritmi.com\/image\/4c1caa245c344889bd20a162c9d7f07d\/Gaz T\u00fcrbini B\u0131\u00e7aklar\u0131n\u0131n Katmanl\u0131 \u00dcretimi.jpg\" style=\"height: 100%; width: 100%;\" \/><\/a><\/p>\n<p style=\"text-align: justify;\">&nbsp;<\/p>\n<p style=\"text-align: justify;\"><span style=\"color:#008080;\"><span style=\"font-size:20px;\"><em><span style=\"font-family:trebuchet ms,helvetica,sans-serif;\"><strong>Maxion Wheels&rsquo;in d&uuml;nyadaki 19 fabrikas\u0131 aras\u0131nda &ouml;rnek proje<\/strong><\/span><\/em><\/span><\/span><\/p>\n<p style=\"text-align: justify;\"><span style=\"font-family:trebuchet ms,helvetica,sans-serif;\"><span style=\"font-size:16px;\">Maxion \u0130nci ve Maxion Janta\u015f Y&ouml;netim Kurulu Ba\u015fkan\u0131 ve Maxion Wheels Global Liderler Kurulu &Uuml;yesi Mustafa Zaim &ldquo;Dijital d&ouml;n&uuml;\u015f&uuml;m ve Sanayi 4.0 yolculu\u011fumuzun bundan sonraki a\u015famalar\u0131nda yol arkada\u015f\u0131 olarak Bosch firmas\u0131 ile ilerlemeye karar verdik&rdquo; dedi.&nbsp; D&uuml;nyan\u0131n en b&uuml;y&uuml;k jant &uuml;reticisi olan Maxion Wheels&rsquo;in dijital d&ouml;n&uuml;\u015f&uuml;m i&ccedil;in d&uuml;nyadaki 19 fabrikas\u0131 aras\u0131ndan T&uuml;rkiye&rsquo;yi se&ccedil;mesinin kendilerini gururland\u0131rd\u0131\u011f\u0131n\u0131 belirterek, &ldquo;Maxion \u0130nci Jant Grubumuz, bug&uuml;n sekt&ouml;rdeki lider konumuna, 2000 y\u0131l\u0131ndan bu yana ba\u015flatt\u0131\u011f\u0131m\u0131z k&uuml;lt&uuml;rel de\u011fi\u015fim ve s&uuml;rekli geli\u015fim yolculu\u011fu sayesinde ula\u015fm\u0131\u015ft\u0131r. G&uuml;n&uuml;m&uuml;z&uuml;n d&uuml;nyas\u0131nda, dijital d&ouml;n&uuml;\u015f&uuml;m&uuml;n &ouml;neminin fark\u0131nday\u0131z. Dijital d&ouml;n&uuml;\u015f&uuml;m; hayat\u0131m\u0131z\u0131, al\u0131\u015fkanl\u0131klar\u0131m\u0131z\u0131, i\u015f yap\u0131\u015f tarz\u0131m\u0131z\u0131 de\u011fi\u015ftiriyor. M&uuml;thi\u015f bir de\u011fi\u015fim s&uuml;recinin i&ccedil;erisindeyiz ve bu de\u011fi\u015fime ayak uydurmak \u015firketler i&ccedil;in ya\u015famsal &ouml;nem ta\u015f\u0131yor. K&uuml;resel bazda otomotiv sanayinde &ccedil;ok k&ouml;kl&uuml; de\u011fi\u015fiklikler olacak. Ula\u015f\u0131m alan\u0131nda da k&ouml;kl&uuml; kavramsal ve yap\u0131sal de\u011fi\u015fimler bekliyoruz. Otomotivin m&uuml;hendislik odakl\u0131 geleneksel yap\u0131s\u0131, &ccedil;ok yak\u0131nda t&uuml;m tedarik zincirinde dijital ve bili\u015fim odakl\u0131, hizmete d&ouml;n&uuml;k ve di\u011fer sekt&ouml;rlerle &ccedil;ok daha entegre bir hale d&ouml;n&uuml;\u015fecek&rdquo; diyerek Maxion \u0130nci Jant Grubu&rsquo;nun dijital d&ouml;n&uuml;\u015f&uuml;me verdi\u011fi &ouml;nemi vurgulad\u0131.&nbsp;&nbsp;<\/span><\/span><\/p>\n<p style=\"text-align: justify;\">&nbsp;<\/p>\n<p style=\"text-align: justify;\"><em><span style=\"color:#008080;\"><span style=\"font-size:20px;\"><span style=\"font-family:trebuchet ms,helvetica,sans-serif;\"><strong>Hedefimiz 2030 y\u0131l\u0131na kadar ak\u0131ll\u0131 dijital i\u015fletmelere d&ouml;n&uuml;\u015fmek<\/strong><\/span><\/span><\/span><\/em><\/p>\n<p style=\"text-align: justify;\"><span style=\"font-family:trebuchet ms,helvetica,sans-serif;\"><span style=\"font-size:16px;\">Bosch firmas\u0131n\u0131n k&uuml;resel anlamda sekt&ouml;r&uuml;nde uzman teknik ekibiyle ve saha uygulamalar\u0131ndaki ba\u015far\u0131s\u0131yla, bizi daha da g&uuml;&ccedil;lendirece\u011fine inan\u0131yoruz diyen Mustafa Zaim, &ldquo;Maxion \u0130nci Jant Grubu olarak dijitalle\u015fme oda\u011f\u0131nda ger&ccedil;ekle\u015ftirece\u011fimiz projelerle, kapasitelerimizi ve &uuml;retim adetlerimizi art\u0131rmaya devam edece\u011fiz&rdquo; dedi.<\/span><\/span><\/p>\n<p style=\"text-align: justify;\"><span style=\"font-family:trebuchet ms,helvetica,sans-serif;\"><span style=\"font-size:16px;\">D&uuml;nya genelinde inovasyonda d&ouml;rt lens metodu kullan\u0131larak se&ccedil;ilmi\u015f 12 projeyi farkl\u0131 sekt&ouml;rdeki dev \u015firketlerle y&uuml;r&uuml;tt&uuml;klerini belirten Zaim, &ldquo;Bu projede Maxion Wheels&rsquo;in Global organizasyonunda, her konuda &ouml;nc&uuml; olan Maxion \u0130nci Al&uuml;minyum fabrikam\u0131z pilot olarak se&ccedil;ildi. Bu se&ccedil;imin &ouml;nemli nedenleri; binek ara&ccedil; al&uuml;minyum jant &uuml;retiminde globaldeki en b&uuml;y&uuml;k fabrika,&nbsp; ayn\u0131 zamanda en geli\u015fmi\u015f altyap\u0131ya ve en ileri teknolojiye sahip fabrika olmas\u0131d\u0131r. 5 k\u0131tada 15 &uuml;lkede 19 fabrika ve 11 bin &ccedil;al\u0131\u015fan ile faaliyet g&ouml;steriyoruz ve t&uuml;m d&uuml;nyada ana sanayinin kulland\u0131\u011f\u0131 her 8 janttan birini biz &uuml;retiyoruz&rdquo; dedi.<\/span><\/span><\/p>\n<p style=\"text-align: justify;\"><span style=\"font-family:trebuchet ms,helvetica,sans-serif;\"><span style=\"font-size:16px;\">&Ouml;te yandan Bosch ile ba\u015flat\u0131lan bu projenin 3 fazdan olu\u015ftu\u011funu ve ilk ad\u0131m\u0131n\u0131n bu y\u0131l pilot hatlarda at\u0131laca\u011f\u0131n\u0131 belirten Mustafa Zaim bu projedeki hedeflerinin 2023 sonuna kadar &uuml;&ccedil; a\u015famal\u0131 plan\u0131n tamam\u0131n\u0131n hayata ge&ccedil;irilmesi oldu\u011funu s&ouml;yledi. Zaim ayr\u0131ca, &ldquo;Hedefimiz, 2030 y\u0131l\u0131na kadar t&uuml;m i\u015fletmelerimizi b&uuml;t&uuml;n s&uuml;re&ccedil;leri kapsayacak \u015fekilde ak\u0131ll\u0131 dijital i\u015fletmelere d&ouml;n&uuml;\u015ft&uuml;rebilmektir&rdquo; dedi.<\/span><\/span><\/p>","protected":false},"excerpt":{"rendered":"<p>D\u00fcnyada Sanayi 4.0 d\u00f6n\u00fc\u015f\u00fcm\u00fcn\u00fc en erken g\u00f6ren \u015firketlerden biri olan Bosch ve jant \u00fcretiminde k\u00fcresel lider Maxion Wheels, T\u00fcrkiye\u2019de sanayi kurulu\u015flar\u0131na \u00f6rnek olacak dijital d\u00f6n\u00fc\u015f\u00fcm \u00e7\u00f6z\u00fcmleri uygulamalar\u0131n\u0131 hayata ge\u00e7iriyor.<\/p>","protected":false},"author":1,"featured_media":0,"comment_status":"open","ping_status":"open","sticky":false,"template":"","format":"standard","meta":{"_acf_changed":false,"pmpro_default_level":"","footnotes":""},"categories":[1],"tags":[],"coauthors":[],"class_list":["post-1259","post","type-post","status-publish","format-standard","hentry","category-uncategorized","pmpro-has-access"],"acf":[],"_links":{"self":[{"href":"https:\/\/endustri40.com\/en\/wp-json\/wp\/v2\/posts\/1259","targetHints":{"allow":["GET"]}}],"collection":[{"href":"https:\/\/endustri40.com\/en\/wp-json\/wp\/v2\/posts"}],"about":[{"href":"https:\/\/endustri40.com\/en\/wp-json\/wp\/v2\/types\/post"}],"author":[{"embeddable":true,"href":"https:\/\/endustri40.com\/en\/wp-json\/wp\/v2\/users\/1"}],"replies":[{"embeddable":true,"href":"https:\/\/endustri40.com\/en\/wp-json\/wp\/v2\/comments?post=1259"}],"version-history":[{"count":0,"href":"https:\/\/endustri40.com\/en\/wp-json\/wp\/v2\/posts\/1259\/revisions"}],"wp:attachment":[{"href":"https:\/\/endustri40.com\/en\/wp-json\/wp\/v2\/media?parent=1259"}],"wp:term":[{"taxonomy":"category","embeddable":true,"href":"https:\/\/endustri40.com\/en\/wp-json\/wp\/v2\/categories?post=1259"},{"taxonomy":"post_tag","embeddable":true,"href":"https:\/\/endustri40.com\/en\/wp-json\/wp\/v2\/tags?post=1259"},{"taxonomy":"author","embeddable":true,"href":"https:\/\/endustri40.com\/en\/wp-json\/wp\/v2\/coauthors?post=1259"}],"curies":[{"name":"wp","href":"https:\/\/api.w.org\/{rel}","templated":true}]}}