{"id":1252,"date":"2025-02-02T13:43:39","date_gmt":"2025-02-02T13:43:39","guid":{"rendered":"https:\/\/endustri40.bktechin.com\/2025\/02\/02\/bimy23te-bilisimciler-sanayi-4-0i-anlatacak\/"},"modified":"2025-02-02T13:43:39","modified_gmt":"2025-02-02T13:43:39","slug":"bimy23te-bilisimciler-sanayi-4-0i-anlatacak","status":"publish","type":"post","link":"https:\/\/endustri40.com\/en\/bimy23te-bilisimciler-sanayi-4-0i-anlatacak\/","title":{"rendered":"B\u0130MY23\u2019te Bili\u015fimciler Sanayi 4.0\u2019\u0131 Anlatacak"},"content":{"rendered":"<p style=\"text-align: justify;\"><span style=\"font-size:16px;\"><span style=\"font-family:trebuchet ms,helvetica,sans-serif;\">T&uuml;rkiye Bili\u015fim Derne\u011fi&rsquo;nin (TBD) her y\u0131l d&uuml;zenledi\u011fi geleneksel etkinliklerinden biri olan ve sekt&ouml;rde &ldquo;Bahar Bulu\u015fmas\u0131&rdquo; olarak bilinen Bilgi \u0130\u015flem Merkezi Y&ouml;neticileri (B\u0130MY) Semineri 24- 27 Mart 2016 tarihlerinde Gloria Golf Resort Kongre Merkezi, Antalya&rsquo;da yap\u0131lacak.&nbsp;<span style=\"line-height: 1.6em;\">TBD Ba\u015fkan\u0131 \u0130LKER TABAK, Bili\u015fim Sekt&ouml;r&uuml;nde &ccedil;al\u0131\u015fan kamu ve &ouml;zel sekt&ouml;rdeki &uuml;st ve orta d&uuml;zey y&ouml;neticilerin mesleki geli\u015fimi ve dayan\u0131\u015fmalar\u0131n\u0131 geli\u015ftirmek amac\u0131yla yap\u0131lan B\u0130MY&rsquo;nin bu y\u0131lki ana temas\u0131n\u0131n &ldquo;Bili\u015fimle Kalk\u0131nmada Sanayi 4.0&rdquo; oldu\u011funu belirtti.&nbsp;<\/span><span style=\"line-height: 1.6em;\">B\u0130MY&rsquo;23 etkinli\u011fi T.C. Bilim, Sanayi ve Teknoloji Bakanl\u0131\u011f\u0131, T.C. Ula\u015ft\u0131rma, Denizcilik ve Haberle\u015fme Bakanl\u0131\u011f\u0131 ile, Bilgi Teknolojileri ve \u0130leti\u015fim Kurumu (BTK) ve Dijital T&uuml;rkiye Platformu taraf\u0131ndan destekleniyor.&nbsp;<\/span><span style=\"line-height: 1.6em;\">Etkinlik boyunca bir&ccedil;ok konu\u015fma, panel ve oturumda Sanayi 4.0 uzmanlar taraf\u0131ndan ele al\u0131nacak. Sanayi 4.0 ile hayat\u0131m\u0131za girecek olan yeni trendleri, &ccedil;al\u0131\u015fma modellerini, gelecekte bizi nelerin bekledi\u011fini birlikte &ouml;\u011frenece\u011fiz.&nbsp;<\/span><span style=\"line-height: 1.6em;\">Bilim, Sanayi ve Teknoloji Bakan\u0131 Say\u0131n F\u0130KR\u0130 I\u015eIK&rsquo;\u0131n kat\u0131l\u0131mlar\u0131n\u0131n beklendi\u011fi etkinli\u011fe bili\u015fim, otomotiv, sa\u011fl\u0131k sekt&ouml;rlerinden ve kamudan &uuml;st d&uuml;zey y&ouml;neticiler kat\u0131lacaklar.<\/span><\/span><\/span><\/p>\n<p style=\"text-align: justify;\">&nbsp;<\/p>\n<h3 style=\"text-align: justify;\"><span class=\"ez-toc-section\" id=\"Konusmacilar_Oturumlar\"><\/span><span style=\"color:#A52A2A;\"><strong>Konu\u015fmac\u0131lar, Oturumlar<\/strong><\/span><span class=\"ez-toc-section-end\"><\/span><\/h3>\n<p style=\"text-align: justify;\">&nbsp;<\/p>\n<p style=\"text-align: justify;\"><span style=\"font-size:16px;\"><span style=\"font-family:trebuchet ms,helvetica,sans-serif;\"><span style=\"line-height: 1.6em;\">T&uuml;rkiye&rsquo;nin en b&uuml;y&uuml;k &ldquo;Maker Hareketi&rdquo; B\u0130MY23&rsquo;te.&nbsp;\u0130novasyonun ve &uuml;retimin yeniden topluma inmesini sa\u011flayan &ldquo;Maker Hareketi&rdquo;nin T&uuml;rkiye&rsquo;deki en b&uuml;y&uuml;k toplulu\u011fu Makers T&uuml;rkiye Kurucusu ONGUN TAN, e\u011fitimden sa\u011fl\u0131\u011fa, end&uuml;striden sosyal hayata hareketin yaratt\u0131\u011f\u0131 d&ouml;n&uuml;\u015f&uuml;m&uuml;n&uuml; anlatacak ve ABD&rsquo;de garajlardan gelen yenilik haberlerinin T&uuml;rkiye&rsquo;den de &ccedil;\u0131kabilece\u011fini vurgulayacak.<\/span><\/span><\/span><\/p>\n<p style=\"text-align: justify;\">&nbsp;<\/p>\n<h3 style=\"text-align: justify;\"><span class=\"ez-toc-section\" id=\"Mavi_Yakalilar_Robotlasacak_mi_Robotlar_Insanlarin_Yerine_Gececek_mi\"><\/span><span style=\"color:#A52A2A;\"><strong>Mavi Yakal\u0131lar Robotla\u015facak m\u0131? Robotlar \u0130nsanlar\u0131n Yerine Ge&ccedil;ecek mi?<\/strong><\/span><span class=\"ez-toc-section-end\"><\/span><\/h3>\n<p style=\"text-align: justify;\">&nbsp;<\/p>\n<p style=\"text-align: justify;\"><span style=\"font-family:trebuchet ms,helvetica,sans-serif;\"><span style=\"font-size:16px;\">B\u0130MY&rsquo;23 Etkinli\u011fi Y&uuml;r&uuml;tme Kurulu Ba\u015fkan\u0131 KORAY &Ouml;ZER, Ernst &amp; Young EMEIA B&ouml;lgesi Dijital Hizmetler Direkt&ouml;r&uuml; AHMET HASANBE\u015eEO\u011eLU&rsquo;nun oturumunda ;<\/span><\/span><\/p>\n<p style=\"text-align: justify;\"><span style=\"font-family:trebuchet ms,helvetica,sans-serif;\"><span style=\"font-size:16px;\">D&uuml;nya&rsquo;da ve &nbsp;T&uuml;rkiye&rsquo;de Sanayi 4.0&rsquo;\u0131n ekonomik etkisi ne kadar olacak?<br \/>\nT&uuml;rkiye &ouml;zellikle &lsquo;Additive Manufacturing&rsquo; i&ccedil;in &lsquo;3D&rsquo; merkez olabilir mi?<br \/>\nT&uuml;rkiye i&ccedil;in verimlilik mi, azalan maliyetler mi yoksa yeni gelirler mi hedef olmal\u0131?<br \/>\nSanayi 4.1 , 4.2 ve 4.3 ger&ccedil;ek faylar\u0131n olu\u015faca\u011f\u0131 D&uuml;nya&rsquo;da T&uuml;rk Yaz\u0131l\u0131m ve Donan\u0131m \u015firketleri i&ccedil;in neler yaparsak ba\u015far\u0131l\u0131 oluruz?<\/span><\/span><\/p>\n<p style=\"text-align: justify;\"><span style=\"font-family:trebuchet ms,helvetica,sans-serif;\"><span style=\"font-size:16px;\">sorular\u0131n\u0131n bili\u015fimcilerle irdelenece\u011fini belirtti. Hasanbe\u015feo\u011flu ayr\u0131ca sanayi 4.1, 4.2 ve 4.3 ile hayat\u0131m\u0131za girecek yeni kavramlar\u0131 &ldquo;Operasyonel Teknolojilerin &ndash; IT ile Entegrasyonu &ldquo;, &ldquo;B&uuml;y&uuml;k Veri, Analizler ve Makinelerin &Ouml;\u011frenmesi&rdquo; ,&ldquo;Dijital \u0130kiz Yeni \u0130\u015f Modeli&rdquo;, &ldquo;Mavi Yakal\u0131lar\u0131n Robotla\u015fmas\u0131&rdquo;, &ldquo;Robotlar\u0131n \u0130nsanlar\u0131n Yerine Ge&ccedil;mesi&rdquo; ve &ldquo;Giyilebilir Teknolojileri&rdquo; ele alarak gelece\u011fin nas\u0131l \u015fekillenece\u011fini anlatacak.<\/span><\/span><\/p>\n<p style=\"text-align: justify;\">&nbsp;<\/p>\n<h3 style=\"text-align: justify;\"><span class=\"ez-toc-section\" id=\"Sanayi_40_Ulusal_Firsat_Pencereleri\"><\/span><span style=\"color:#A52A2A;\"><strong>Sanayi 4.0 Ulusal F\u0131rsat Pencereleri<\/strong><\/span><span class=\"ez-toc-section-end\"><\/span><\/h3>\n<p style=\"text-align: justify;\">\n<span style=\"font-family:trebuchet ms,helvetica,sans-serif;\"><span style=\"font-size:16px;\">Sanayi 4.0&rsquo;\u0131n &ouml;ne &ccedil;\u0131kan &ouml;zelliklerini ba\u015fta savunma sanayi, tekstil, enerji, e\u011fitim ve makine sekt&ouml;rlerinde olmak &uuml;zere tart\u0131\u015f\u0131p, &uuml;lkemizin k&uuml;resel de\u011fer zincirlerine entegrasyonundaki yeni f\u0131rsatlar\u0131n konu\u015fulaca\u011f\u0131 &ldquo;Sanayi 4.0 Ulusal F\u0131rsat Pencereleri&rdquo; oturumuna <strong>Siemens T&uuml;rkiye Genel M&uuml;d&uuml;r&uuml; AL\u0130 RIZA ERSOY<\/strong>, GE T&uuml;rkiye Stratejik Yat\u0131r\u0131mlar, K&uuml;resel B&uuml;y&uuml;me &amp; Ortado\u011fu, Kuzey Afrika ve T&uuml;rkiye Operasyonlar\u0131 \u0130cra Direkt&ouml;r&uuml; ERDO\u011eAN &Ccedil;E\u015eMEL\u0130 ve Bites CEO&rsquo;su U\u011eUR CO\u015eKUN kat\u0131lacaklar.<\/span><\/span><\/p>\n<p style=\"text-align: justify;\">&nbsp;<\/p>\n<h3 style=\"text-align: justify;\"><span class=\"ez-toc-section\" id=\"Gorme_Engelliler_icin_Akilli_Telefon_%E2%80%9CtactiX%E2%80%9D\"><\/span><span style=\"color:#A52A2A;\"><strong>G&ouml;rme Engelliler i&ccedil;in Ak\u0131ll\u0131 Telefon : &ldquo;tactiX&rdquo;<\/strong><\/span><span class=\"ez-toc-section-end\"><\/span><\/h3>\n<p style=\"text-align: justify;\">\n<span style=\"font-family:trebuchet ms,helvetica,sans-serif;\"><span style=\"font-size:16px;\">Sakarya &Uuml;niversitesi E\u011fitim Fak&uuml;ltesi Bilgisayar ve &Ouml;\u011fretim Teknolojileri E\u011fitimi B&ouml;l&uuml;m&uuml; 3&rsquo;nc&uuml; s\u0131n\u0131f &ouml;\u011frencilerinden U\u011eUR CAN BASTIK, g&ouml;rme engellilerin kullan\u0131m\u0131 i&ccedil;in tasarlanan ve 2015 Gen&ccedil; Yenilik&ccedil;iler Yar\u0131\u015fmas\u0131&rsquo;nda (Young Innovators Competition) &nbsp;birincilik &ouml;d&uuml;l&uuml; alan ak\u0131ll\u0131 telefon &ldquo;tactiX&rdquo; projesini anlatacak. Proje g&ouml;rme engellilerin hayat\u0131nda b&uuml;y&uuml;k kolayl\u0131klar sa\u011flamakla birlikte gen&ccedil; giri\u015fimci U\u011fur Can Bast\u0131k&rsquo;\u0131n projesi teknoloji alan\u0131nda yenilik&ccedil;i &ccedil;al\u0131\u015fmalar\u0131 olan gen&ccedil;lere &ouml;rnek olacak gib<\/span><\/span>i.<\/p>\n<p style=\"text-align: justify;\">&nbsp;<\/p>\n<h3 style=\"text-align: justify;\"><span class=\"ez-toc-section\" id=\"Neyi_Yapmali_Neyi_Yapmamali\"><\/span><span style=\"color:#A52A2A;\"><strong>Neyi Yapmal\u0131, Neyi Yapmamal\u0131?&nbsp;<\/strong><\/span><span class=\"ez-toc-section-end\"><\/span><\/h3>\n<p style=\"text-align: justify;\">\n<span style=\"font-size:16px;\"><span style=\"font-family:trebuchet ms,helvetica,sans-serif;\">T&uuml;rkiye Teknoloji Geli\u015ftirme Vakf\u0131 &nbsp;(TTGV) Ba\u015fkan\u0131 CENG\u0130Z ULTAV, Sanayi 4.0 ba\u011flam\u0131nda &uuml;lke kalk\u0131nma hedeflerine ula\u015fmada yapmam\u0131z ve yapmamam\u0131z gerekenleri &ldquo;Neyi Yapmal\u0131, Neyi Yapmamal\u0131?&rdquo; oturumda masaya yat\u0131racak.<\/span><\/span><\/p>\n<p style=\"text-align: justify;\">&nbsp;<\/p>\n<h3 style=\"text-align: justify;\"><span class=\"ez-toc-section\" id=\"Simdi_Hareket_Zamani\"><\/span><span style=\"color:#A52A2A;\"><strong>\u015eimdi Hareket Zaman\u0131!<\/strong><\/span><span class=\"ez-toc-section-end\"><\/span><\/h3>\n<p style=\"text-align: justify;\">\n<span style=\"font-family:trebuchet ms,helvetica,sans-serif;\"><span style=\"font-size:16px;\">\u015eimdi Hareket Zaman\u0131! diyoruz ve bizi gelece\u011fe ta\u015f\u0131yacak sekt&ouml;rlerden birisi olan sa\u011fl\u0131k sekt&ouml;r&uuml;n&uuml; Sanayi 4.0 ba\u011flam\u0131nda tart\u0131\u015fmaya a&ccedil;\u0131yoruz. &ldquo;\u015eimdi Hareket Zaman\u0131&rdquo; oturumunda Sabanc\u0131 &Uuml;niversitesi Nano Teknoloji Ara\u015ft\u0131rma ve Uygulama Merkezi &Ouml;\u011fretim &Uuml;yesi Do&ccedil;. Dr. BAHATT\u0130N KO&Ccedil; ve Ac\u0131badem Sa\u011fl\u0131k Grubu Bilgi Teknolojileri Direkt&ouml;r&uuml; KEMAL KAPLAN sa\u011fl\u0131k sekt&ouml;r&uuml;ndeki yenilikleri bizlerle payla\u015facaklar.<\/span><\/span><\/p>\n<p style=\"text-align: justify;\">&nbsp;<\/p>\n<h3 style=\"text-align: justify;\"><span class=\"ez-toc-section\" id=\"Nano_Teknolojik_Arastirmalar\"><\/span><span style=\"color:#A52A2A;\"><strong>Nano Teknolojik Ara\u015ft\u0131rmalar<\/strong><\/span><span class=\"ez-toc-section-end\"><\/span><\/h3>\n<p style=\"text-align: justify;\">\n<span style=\"font-family:trebuchet ms,helvetica,sans-serif;\"><span style=\"font-size:16px;\">At\u0131l\u0131m &Uuml;niversitesi Metalurji ve Malzeme M&uuml;hendisli\u011fi B&ouml;l&uuml;m&uuml; &ouml;\u011fretim &uuml;yesi Yrd. Do&ccedil;. Dr. G&Ouml;KSEL DURKAYA yo\u011fun Ar-Ge &ccedil;al\u0131\u015fmalar\u0131 do\u011frultusunda Nano Teknolojik Ara\u015ft\u0131rmalar\u0131n\u0131 anlatacak.<\/span><\/span><\/p>\n<p style=\"text-align: justify;\">&nbsp;<\/p>\n<p style=\"text-align: justify;\"><span style=\"font-size:16px;\"><span style=\"font-family:trebuchet ms,helvetica,sans-serif;\">24 Mart Per\u015fembe g&uuml;n&uuml; Havaalan\u0131ndan Gloria Otel&rsquo;e 4 adet toplu transfer olacakt\u0131r. Saatleri 10:30, 14:30, 16:00 ve 18:00 olarak belirlenmi\u015ftir. Yararlanmak isteyen kat\u0131l\u0131mc\u0131lar\u0131n formu doldurmas\u0131 gerekmektedir.<\/span><\/span><\/p>\n<p style=\"text-align: justify;\">&nbsp;<\/p>\n<p style=\"text-align: center;\"><span style=\"font-size:18px;\"><a href=\"http:\/\/bimy.org.tr\/transfer\/\" target=\"_blank\" rel=\"noopener\"><span style=\"font-family:trebuchet ms,helvetica,sans-serif;\">Forma ula\u015fmak i&ccedil;in t\u0131klay\u0131n\u0131z<\/span><\/a><\/span><\/p>","protected":false},"excerpt":{"rendered":"<p>T\u00fcrkiye Bili\u015fim Derne\u011fi\u2019nin 24-27 Mart\u2019ta ger\u00e7ekle\u015ftirece\u011fi 23. B\u0130MY Seminerinde, kamu ve \u00f6zel sekt\u00f6r yetkilileriyle \u201cBili\u015fimle Kalk\u0131nmada Sanayi 4.0\u201d konusu masaya yat\u0131r\u0131l\u0131yor.<\/p>","protected":false},"author":1,"featured_media":0,"comment_status":"open","ping_status":"open","sticky":false,"template":"","format":"standard","meta":{"_acf_changed":false,"pmpro_default_level":"","footnotes":""},"categories":[1],"tags":[],"coauthors":[],"class_list":["post-1252","post","type-post","status-publish","format-standard","hentry","category-uncategorized","pmpro-has-access"],"acf":[],"_links":{"self":[{"href":"https:\/\/endustri40.com\/en\/wp-json\/wp\/v2\/posts\/1252","targetHints":{"allow":["GET"]}}],"collection":[{"href":"https:\/\/endustri40.com\/en\/wp-json\/wp\/v2\/posts"}],"about":[{"href":"https:\/\/endustri40.com\/en\/wp-json\/wp\/v2\/types\/post"}],"author":[{"embeddable":true,"href":"https:\/\/endustri40.com\/en\/wp-json\/wp\/v2\/users\/1"}],"replies":[{"embeddable":true,"href":"https:\/\/endustri40.com\/en\/wp-json\/wp\/v2\/comments?post=1252"}],"version-history":[{"count":0,"href":"https:\/\/endustri40.com\/en\/wp-json\/wp\/v2\/posts\/1252\/revisions"}],"wp:attachment":[{"href":"https:\/\/endustri40.com\/en\/wp-json\/wp\/v2\/media?parent=1252"}],"wp:term":[{"taxonomy":"category","embeddable":true,"href":"https:\/\/endustri40.com\/en\/wp-json\/wp\/v2\/categories?post=1252"},{"taxonomy":"post_tag","embeddable":true,"href":"https:\/\/endustri40.com\/en\/wp-json\/wp\/v2\/tags?post=1252"},{"taxonomy":"author","embeddable":true,"href":"https:\/\/endustri40.com\/en\/wp-json\/wp\/v2\/coauthors?post=1252"}],"curies":[{"name":"wp","href":"https:\/\/api.w.org\/{rel}","templated":true}]}}