{"id":1203,"date":"2025-02-10T22:28:56","date_gmt":"2025-02-10T22:28:56","guid":{"rendered":"https:\/\/endustri40.bktechin.com\/2025\/02\/02\/agt-genel-muduru-sn-sirzat-subasi-ile-endustri-4-0-uzerine\/"},"modified":"2025-02-10T22:29:37","modified_gmt":"2025-02-10T22:29:37","slug":"agt-genel-muduru-sn-sirzat-subasi-ile-endustri-4-0-uzerine","status":"publish","type":"post","link":"https:\/\/endustri40.com\/en\/agt-genel-muduru-sn-sirzat-subasi-ile-endustri-4-0-uzerine\/","title":{"rendered":"AGT Genel M\u00fcd\u00fcr\u00fc Sn. \u015eirzat Suba\u015f\u0131 ile End\u00fcstri 4.0 \u00dczerine"},"content":{"rendered":"<p style=\"text-align: justify;\"><em><strong><span style=\"color:#008080;\"><span style=\"font-family:trebuchet ms,helvetica,sans-serif;\"><span style=\"font-size:20px;\">Soru 1) R&ouml;portaja ba\u015flarken, &ouml;ncelikle sizi ve firman\u0131z\u0131 tan\u0131mak isteriz. End&uuml;stri 4.0 size g&ouml;re tam olarak nedir? Firman\u0131z End&uuml;stri 4.0&rsquo;\u0131 nas\u0131l tan\u0131ml\u0131yor ve ne t&uuml;r &ccedil;al\u0131\u015fmalar y&uuml;r&uuml;t&uuml;yor?<\/span><\/span><\/span><\/strong><\/em><\/p>\n<p style=\"text-align: justify;\"><span style=\"font-size:16px;\"><span style=\"font-family:trebuchet ms,helvetica,sans-serif;\">Geli\u015fen teknoloji ile ah\u015fab\u0131n ki\u015fiye ve kurumlara &ouml;zel i\u015flenip geli\u015ftirilebilece\u011fi d&uuml;\u015f&uuml;ncesiyle 1984 y\u0131l\u0131nda Antalya&rsquo;da &ccedil;al\u0131\u015fmalar\u0131m\u0131za ba\u015flad\u0131k. 33 y\u0131l &ouml;nce k&uuml;&ccedil;&uuml;k bir imalathanede ba\u015flad\u0131\u011f\u0131m\u0131z kalite yolculu\u011fumuza, Antalya Organize Sanayi B&ouml;lgesi&rsquo;nde toplam 400 bin metrekare alana kurulu&nbsp; &uuml;retim tesislerimizde devam ediyoruz. MDF, MDF-LAM, Panel, Profil &uuml;retimi ile mobilya ve dekorasyon sekt&ouml;rlerine; parke, kap\u0131, duvar paneli ve s&uuml;p&uuml;rgelik &uuml;retimi ile de in\u015faat sekt&ouml;r&uuml;ne hizmet veriyoruz. T&uuml;rkiye genelinde yayg\u0131n bayi kanal\u0131n\u0131n yan\u0131 s\u0131ra 5 k\u0131tada sat\u0131\u015f noktalar\u0131 bulunan <strong><a href=\"https:\/\/www.agt.com.tr\/\" target=\"_blank\" rel=\"noopener\">AGT<\/a><\/strong>, ba\u015fta Do\u011fu Avrupa, Balkanlar, \u0130ran ve Rusya olmak &uuml;zere 62 &uuml;lkeye ihracat ger&ccedil;ekle\u015ftiriyor.<\/span><\/span><\/p>\n<p style=\"text-align: justify;\"><span style=\"font-size:16px;\"><span style=\"font-family:trebuchet ms,helvetica,sans-serif;\">Su ve buhar g&uuml;c&uuml; ile &uuml;retim mekanizmas\u0131 &uuml;zerine kurulan ilk sanayi devriminin ard\u0131ndan, elektrik enerjisi ikinci sanayi devrimini ger&ccedil;ekle\u015ftirdi. &Uuml;&ccedil;&uuml;nc&uuml; devrim say\u0131lan dijital devrime, bug&uuml;n siber altyap\u0131, yapay zeka ve ak\u0131ll\u0131 robotlar\u0131n kat\u0131lmas\u0131, t&uuml;m bunlar\u0131n bir arada hareket edece\u011fi <strong><a href=\"https:\/\/www.agt.com.tr\/\" target=\"_blank\" rel=\"noopener\">4. End&uuml;stri Devrimi&rsquo;ne<\/a><\/strong> i\u015faret ediyor. 4. Sanayi Devrimi olarak da an\u0131lan End&uuml;stri 4.0, &ccedil;a\u011f\u0131m\u0131z teknolojisinin, &uuml;retim ve pazarlama organizasyonlar\u0131ndaki evrilece\u011fi a\u015fama olarak dikkat &ccedil;ekiyor.<\/span><\/span><\/p>\n<p style=\"text-align: justify;\"><span style=\"font-size:16px;\"><span style=\"font-family:trebuchet ms,helvetica,sans-serif;\">AGT olarak T&uuml;rkiye End&uuml;stri 4.0 Platformu&#39;nu partner \u015firket olarak destekliyoruz. Uzun vadeli yat\u0131r\u0131m planlar\u0131m\u0131z\u0131 yeni ger&ccedil;ekle\u015fecek sanayi devrimi ekseninde kurgulumaktay\u0131z.<\/span><\/span><\/p>\n<p style=\"text-align: justify;\"><a href=\"https:\/\/www.agt.com.tr\/\" style=\"text-align: justify;\" target=\"_blank\" rel=\"noopener\"><img decoding=\"async\" alt=\"\" src=\"https:\/\/endustri40.com\/wp-content\/uploads\/2025\/02\/agt_beyazkutulogo_rgb.jpg\" style=\"opacity: 0.9; float: left;\" \/><\/a><em><span style=\"color:#008080;\"><span style=\"font-size:20px;\"><span style=\"font-family:trebuchet ms,helvetica,sans-serif;\"><strong>Soru 2) T&uuml;rkiye End&uuml;stri 4.0 d&ouml;n&uuml;\u015f&uuml;m&uuml;n&uuml;n \u015fu anda neresinde? Sanayimiz bu d&ouml;n&uuml;\u015f&uuml;m i&ccedil;in haz\u0131r m\u0131? Y&uuml;r&uuml;t&uuml;len &ccedil;al\u0131\u015fmalar\u0131 nas\u0131l de\u011ferlendiriyorsunuz?<\/strong><\/span><\/span><\/span><\/em><\/p>\n<p style=\"text-align: justify;\"><span style=\"font-size:16px;\"><span style=\"font-family:trebuchet ms,helvetica,sans-serif;\">\u0130lk olarak 2011 y\u0131l\u0131nda Hannover Fuar\u0131&rsquo;nda kullan\u0131lan End&uuml;stri 4.0 terimi <strong><a href=\"https:\/\/www.agt.com.tr\/\" target=\"_blank\" rel=\"noopener\">siber-fiziksel<\/a><\/strong> sistemler ve internet a\u011f\u0131 sayesinde bir i\u015fletmedeki t&uuml;m &uuml;retim ve pazarlama organlar\u0131ndaki makina, network ve servislerinin birbirine ba\u011fl\u0131 ve birbiriyle ileti\u015fim halinde &ccedil;al\u0131\u015fmas\u0131 anlam\u0131na geliyor.<\/span><\/span><\/p>\n<p style=\"text-align: justify;\"><span style=\"font-size:16px;\"><span style=\"font-family:trebuchet ms,helvetica,sans-serif;\">Uzmanlara g&ouml;re End&uuml;stri 4.0 yani di\u011fer ad\u0131yla d&ouml;rd&uuml;nc&uuml; sanayi devrimi, 10 ile 20 y\u0131l i&ccedil;inde entegrasyonunu tamamlayarak firmalar taraf\u0131ndan uygulanabilir hale gelecek. End&uuml;stri 4.0&nbsp; ka&ccedil;\u0131r\u0131lmamas\u0131 gereken bir f\u0131rsat. T&uuml;rkiye hen&uuml;z haz\u0131r de\u011fil, yayg\u0131n olarak da bilinmiyor ama bu alanda yava\u015f yava\u015f emin ad\u0131mlarla ilerliyor. Belli ba\u015fl\u0131 platfromlarda ve &uuml;niversitlerde bu konuda bilgilendirme &ccedil;al\u0131\u015fmalar\u0131 yap\u0131l\u0131yor.<\/span><\/span><\/p>\n<p style=\"text-align: justify;\"><em><span style=\"color:#008080;\"><span style=\"font-size:20px;\"><span style=\"font-family:trebuchet ms,helvetica,sans-serif;\"><strong>Soru 3) End&uuml;stri 4.0 en &ccedil;ok da yaratmas\u0131 muhtemel ekonomik ve sosyal d&ouml;n&uuml;\u015f&uuml;mler nedeniyle &ccedil;ok tart\u0131\u015f\u0131l\u0131yor? Nas\u0131l bir d&ouml;n&uuml;\u015f&uuml;m olacak bu?<\/strong><\/span><\/span><\/span><\/em><\/p>\n<p style=\"text-align: justify;\"><span style=\"font-size:16px;\"><span style=\"font-family:trebuchet ms,helvetica,sans-serif;\">End&uuml;stri 4.0 ile birbirinden kopuk olarak kendi kapal\u0131 devrelerinde &ccedil;al\u0131\u015fan t&uuml;m fonksiyonlar birbirleri ile ileti\u015fim halinde &ccedil;al\u0131\u015facak. Yani &ccedil;ok yak\u0131n bir gelecekte bir i\u015fletme, &uuml;retim ve da\u011f\u0131t\u0131m s&uuml;re&ccedil;lerinde &ccedil;al\u0131\u015facak ak\u0131ll\u0131 robotlardan, <strong><a href=\"https:\/\/www.agt.com.tr\/\" target=\"_blank\" rel=\"noopener\">ar-ge<\/a><\/strong>, sat\u0131\u015f-pazarlama ve y&ouml;netim s&uuml;re&ccedil;lerinde kullan\u0131lacak yapay zeka sistemleri ile bunlar\u0131n d\u0131\u015f d&uuml;nyayla bilgi al\u0131\u015fveri\u015flerini sa\u011flayacak \u0130nternet nesnelerinden ve t&uuml;m bu ak\u0131ll\u0131 sistemlerin hep birlikte ahenkle &ccedil;al\u0131\u015fmas\u0131n\u0131 sa\u011flayacak becerilere sahip uygulay\u0131c\u0131 yaz\u0131l\u0131m uzmanlar\u0131ndan olu\u015fan bir ekipten ibaret olacak.&nbsp; Bu sistemi hayata ge&ccedil;irebilen \u015firketler, rekabette s\u0131&ccedil;rama, verimlilikte ise zirve yapabilecekler. Kendi i&ccedil;inde kapal\u0131 devre olarak &ccedil;al\u0131\u015fan t&uuml;m fonksiyonlar\u0131n bir arada &ccedil;al\u0131\u015fmaya ba\u015flamas\u0131, zamandan b&uuml;y&uuml;k &ouml;l&ccedil;&uuml;de tasarrufu sa\u011flayacak. \u0130\u015fletmelerin ba\u015fta &ccedil;evreye verdikleri zararlar azalt\u0131l\u0131rken di\u011fer yandan &ccedil;al\u0131\u015fanlardan beklenen a\u011f\u0131r i\u015f y&uuml;k&uuml; de azalm\u0131\u015f olacak.<\/span><\/span><\/p>\n<p style=\"text-align: justify;\"><span style=\"font-size:16px;\"><span style=\"font-family:trebuchet ms,helvetica,sans-serif;\">Teknolojinin g&uuml;c&uuml;ne sonuna kadar inanan bir \u015firket olarak Ar-Ge, en &ouml;nem verdi\u011fimiz konular\u0131n ba\u015f\u0131nda geliyor. T&uuml;m d&uuml;nyada teknolojik evrimin geldi\u011fi son noktay\u0131 , i&ccedil;inde bulundu\u011fumuz sekt&ouml;r&uuml;n lider markalar\u0131nda biri olarak yak\u0131ndan takip etmenin ve uygulaman\u0131n &ouml;nemine inan\u0131yoruz. T&uuml;rkiye Orman &Uuml;r&uuml;nleri Sekt&ouml;r&uuml;&rsquo;ndeki ilk Ar-Ge merkezini ge&ccedil;ti\u011fimiz g&uuml;nlerde b&uuml;nyemizde faaliyete alarak da bu y&ouml;ndeki iddiam\u0131z\u0131 ortaya koymaktay\u0131z.<\/span><\/span><\/p>\n<p style=\"text-align: justify;\"><em><span style=\"color:#008080;\"><span style=\"font-size:20px;\"><span style=\"font-family:trebuchet ms,helvetica,sans-serif;\"><strong>Soru 4) Markalar\u0131n End&uuml;stri 4.0 yolculu\u011funda sizce ba\u015far\u0131 fakt&ouml;rleri nelerdir? End&uuml;stri 4.0 s&uuml;recinin ula\u015faca\u011f\u0131 en u&ccedil; nokta nedir?<\/strong><\/span><\/span><\/span><\/em><\/p>\n<p style=\"text-align: justify;\"><span style=\"font-size:16px;\"><span style=\"font-family:trebuchet ms,helvetica,sans-serif;\">Birbirine ba\u011fl\u0131 olarak &ccedil;al\u0131\u015fan sistemler &uuml;retim maliyetlerinden, ula\u015f\u0131m giderlerine, raporlama i&ccedil;in harcanan fazladan evrak y&uuml;k&uuml;nden, ayr\u0131 ayr\u0131 yap\u0131lan i\u015flemlerden do\u011fan zaman kayb\u0131na kadar pek &ccedil;ok konuda \u015firketlere avantajlar sa\u011flayacak. Bu h\u0131zl\u0131 d&ouml;n&uuml;\u015f&uuml;me, ayn\u0131 h\u0131zla ayak uydurabilen \u015firketler rekabette &ouml;ne ge&ccedil;ecekler.<\/span><\/span><\/p>\n<p style=\"text-align: justify;\"><span style=\"font-size:16px;\"><span style=\"font-family:trebuchet ms,helvetica,sans-serif;\">Marka olarak s&uuml;rd&uuml;r&uuml;lebilir b&uuml;y&uuml;me stratejisi ile; yurt i&ccedil;i yurt d\u0131\u015f\u0131 hedef pazarlarda marka alg\u0131 ve bilinirli\u011fini artt\u0131rarak, katma de\u011feri y&uuml;ksek, yenilik&ccedil;i &uuml;r&uuml;n ve hizmetleri ile etkin ve ideal i\u015f g&uuml;c&uuml; olu\u015fturmay\u0131, sa\u011flam ve g&uuml;&ccedil;l&uuml; sermaye alt yap\u0131s\u0131n\u0131 g&uuml;&ccedil;lendirmeyi hedefliyoruz. Uluslararas\u0131 normlarda s&uuml;rd&uuml;r&uuml;lebilir bir \u015firket haline gelerek, &ccedil;al\u0131\u015fan memnuniyetini ve firma ba\u011fl\u0131l\u0131\u011f\u0131n\u0131 artt\u0131r\u0131p &ccedil;evre ve topluma kar\u015f\u0131 sorumluluk sahibi bir firma olmay\u0131 ama&ccedil;l\u0131yoruz.<\/span><\/span><\/p>\n<p style=\"text-align: justify;\"><em><span style=\"color:#008080;\"><span style=\"font-size:20px;\"><span style=\"font-family:trebuchet ms,helvetica,sans-serif;\"><strong>Soru 5) Son olarak End&uuml;stri 4.0 Platformu hakk\u0131nda ne d&uuml;\u015f&uuml;nd&uuml;\u011f&uuml;n&uuml;z&uuml; &ouml;\u011frenmek isteriz? &Ouml;nerileriniz veya talepleriniz nelerdir?<\/strong><\/span><\/span><\/span><\/em><\/p>\n<p style=\"text-align: justify;\"><span style=\"font-size:16px;\"><span style=\"font-family:trebuchet ms,helvetica,sans-serif;\">AGT olarak, <a href=\"https:\/\/www.agt.com.tr\/\" target=\"_blank\" rel=\"noopener\"><strong>End&uuml;stri 4.0<\/strong><\/a> kapsam\u0131nda dijitalle\u015fme, s&uuml;rd&uuml;r&uuml;lebilir b&uuml;y&uuml;me stratejisi, operasyonel verimlilik ve kurumsalla\u015fma stratejilerine odaklanaca\u011f\u0131z. S&uuml;rd&uuml;r&uuml;lebilir b&uuml;y&uuml;me stratejisi ile; yurt i&ccedil;i yurt d\u0131\u015f\u0131 hedef pazarlarda marka alg\u0131 ve bilinirli\u011fini artt\u0131rarak, katma de\u011feri y&uuml;ksek, yenilik&ccedil;i &uuml;r&uuml;n ve hizmetleri ile etkin ve ideal i\u015f g&uuml;c&uuml; olu\u015fturmay\u0131, sa\u011flam ve g&uuml;&ccedil;l&uuml; sermaye alt yap\u0131s\u0131n\u0131 g&uuml;&ccedil;lendirmeyi hedefliyoruz. Uluslararas\u0131 normlarda s&uuml;rd&uuml;r&uuml;lebilir bir \u015firket haline gelerek, &ccedil;al\u0131\u015fan memnuniyetini ve firma ba\u011fl\u0131l\u0131\u011f\u0131n\u0131 artt\u0131r\u0131p &ccedil;evre ve topluma kar\u015f\u0131 sorumluluk sahibi bir firma olmay\u0131 ama&ccedil;l\u0131yoruz.<\/span><\/span><\/p>\n<p style=\"text-align: justify;\"><span style=\"font-size:16px;\"><span style=\"font-family:trebuchet ms,helvetica,sans-serif;\">&Uuml;retim verimlili\u011fini artt\u0131rmak her markan\u0131n birinci hedefidir. Ancak bizim as\u0131l hedefimiz, &uuml;retim verimlili\u011fini artt\u0131r\u0131rken &ccedil;evreye kar\u015f\u0131 duydu\u011fumuz sorumluluklar\u0131m\u0131zdan geri ad\u0131m atmayacak form&uuml;ller geli\u015ftirmek. 2014 y\u0131l\u0131ndan beri faaliyette olan MDF tesisimiz, &uuml;retim teknolojisinin &ouml;nc&uuml; firmalar\u0131ndan Siempelkamp GmbH Co&amp;KG taraf\u0131ndan d&uuml;nyadaki &uuml;retim hatlar\u0131 aras\u0131nda &lsquo;en iyi uygulama&rsquo; se&ccedil;ildi. Bu anlamda sekt&ouml;r&uuml;m&uuml;z&uuml;n de yeni teknolojilere yat\u0131r\u0131m yapmas\u0131n\u0131, bu teknolojileri geli\u015ftirecek gen&ccedil; bilim insanlar\u0131n\u0131 da desteklemesi gerekti\u011fine her daim inan\u0131yoruz.<\/span><\/span><\/p>\n<p style=\"text-align: justify;\">&nbsp;<\/p>","protected":false},"excerpt":{"rendered":"<p>Ah\u015fap ile teknolojiyi bulu\u015fturan vizyon ve misyonu ile sekt\u00f6r\u00fcn \u00f6nde gelen firmalar\u0131ndan AGT&#8217;nin Genel M\u00fcd\u00fcr\u00fc Say\u0131n \u015eirzat Suba\u015f\u0131 Bey ile T\u00fcrkiye&#8217;nin End\u00fcstri 4.0 yolculu\u011fu ve End\u00fcstri 4.0&#8217;\u0131n gelece\u011fi hakk\u0131nda keyifli bir r\u00f6portaj ger\u00e7ekle\u015ftirdik.<\/p>","protected":false},"author":1,"featured_media":29821,"comment_status":"open","ping_status":"open","sticky":false,"template":"","format":"standard","meta":{"_acf_changed":false,"pmpro_default_level":"","footnotes":""},"categories":[1],"tags":[],"coauthors":[],"class_list":["post-1203","post","type-post","status-publish","format-standard","has-post-thumbnail","hentry","category-uncategorized","pmpro-has-access"],"acf":[],"_links":{"self":[{"href":"https:\/\/endustri40.com\/en\/wp-json\/wp\/v2\/posts\/1203","targetHints":{"allow":["GET"]}}],"collection":[{"href":"https:\/\/endustri40.com\/en\/wp-json\/wp\/v2\/posts"}],"about":[{"href":"https:\/\/endustri40.com\/en\/wp-json\/wp\/v2\/types\/post"}],"author":[{"embeddable":true,"href":"https:\/\/endustri40.com\/en\/wp-json\/wp\/v2\/users\/1"}],"replies":[{"embeddable":true,"href":"https:\/\/endustri40.com\/en\/wp-json\/wp\/v2\/comments?post=1203"}],"version-history":[{"count":2,"href":"https:\/\/endustri40.com\/en\/wp-json\/wp\/v2\/posts\/1203\/revisions"}],"predecessor-version":[{"id":29822,"href":"https:\/\/endustri40.com\/en\/wp-json\/wp\/v2\/posts\/1203\/revisions\/29822"}],"wp:featuredmedia":[{"embeddable":true,"href":"https:\/\/endustri40.com\/en\/wp-json\/wp\/v2\/media\/29821"}],"wp:attachment":[{"href":"https:\/\/endustri40.com\/en\/wp-json\/wp\/v2\/media?parent=1203"}],"wp:term":[{"taxonomy":"category","embeddable":true,"href":"https:\/\/endustri40.com\/en\/wp-json\/wp\/v2\/categories?post=1203"},{"taxonomy":"post_tag","embeddable":true,"href":"https:\/\/endustri40.com\/en\/wp-json\/wp\/v2\/tags?post=1203"},{"taxonomy":"author","embeddable":true,"href":"https:\/\/endustri40.com\/en\/wp-json\/wp\/v2\/coauthors?post=1203"}],"curies":[{"name":"wp","href":"https:\/\/api.w.org\/{rel}","templated":true}]}}